{"id":1257,"date":"2014-10-26T15:42:52","date_gmt":"2014-10-26T13:42:52","guid":{"rendered":"http:\/\/www.construieste.info\/?p=1257"},"modified":"2015-12-13T14:06:11","modified_gmt":"2015-12-13T12:06:11","slug":"nou-langa-vechi-la-paris","status":"publish","type":"post","link":"http:\/\/www.construieste.info\/?p=1257","title":{"rendered":"Nou l\u00e2ng\u0103 vechi! Old and new next to each other!"},"content":{"rendered":"<p>\u0218tiu ca nu sunt de meserie arhitect si poate nu inteleg mereu ce a vrut sa spuna &#8220;artistul&#8221; dar asta nu \u00eenseamn\u0103 ca nu pot observa c\u00e2nd o cl\u0103dire noua se potrive\u0219te foarte bine l\u00e2ng\u0103 una veche. Am v\u0103zut multe cl\u0103diri noi \u00eencadrate bine \u00een context \u0219i \u00een Bucure\u0219ti, dar parca \u0219i mai multe care nu se potrivesc.<br \/>\n<a href=\"http:\/\/www.vilared.com\/ro\/index.php\/locuinta-individuala-bacau-2\/\">In anul 2014\u00a0una din casele<\/a> la care am f\u0103cut noi structura a participat la bienala de arhitectura, motiv pentru care am urm\u0103rit cu interes toate proiectele participante. Observ o \u00eembunat\u0103\u021bire considerabila a num\u0103rului proiectelor de calitate, ceea ce nu poate fi dec\u00e2t un semn bun, din p\u0103cate \u00eens\u0103, merg\u00e2nd pe strad\u0103 nu pot s\u0103 nu observ \u0219i \u00a0kitsch-ul care se dezvolta mai ales \u00een cartierele reziden\u021biale.<br \/>\n\u0218tiu c\u0103 e greu sa schimbam mentalitatea clien\u021bilor, dar haide sa ne punem mintea la contribu\u021bie, cine \u0219tie, poate vom schimba ceva. A\u0219adar vom face\u00a0aici o baza de date cu cele mai\u00a0interesante fotografii de cl\u0103diri noi\u00a0amplasate \u00een apropierea\u00a0cl\u0103dirilor vechi.<\/p>\n<p><em>I know I&#8217;m not a professional architect and I can not always understand what means to be an &#8220;artist&#8221; but that does not mean that I can not notice when a new building fits well next to an old one. In Bucharest I saw a few new buildings framed well in the context and a lot more that don&#8217;t.<\/em><br \/>\n<em>In 2014 <a href=\"http:\/\/www.vilared.com\/ro\/index.php\/locuinta-individuala-bacau-2\/\">one of the houses<\/a> for which we designed the structure, participated in the Biennale of architecture, which is why I followed with interest all participating projects. I&#8217;ve noticed a considerable improvement in the number of quality projects, which can only be a good sign. Unfortunately, as I walk down the city streets I can not but to observe the kitsch that develops especially in the residential neighborhoods.<\/em><br \/>\n<em>I know it&#8217;s hard to change the mentality of the customers, but let&#8217;s put our heads together, who knows, maybe we will change something. <\/em><\/p>\n<p><span style=\"text-decoration: underline; color: #0000ff;\"><strong>1. PARIS<\/strong><\/span><\/p>\n<div id='gallery-1' class='czr-gallery row flex-row czr-gallery-style gallery galleryid-1257 gallery-columns-2 gallery-size-medium'><figure class='gallery-item col col-auto'>\r\n                        <div class='gallery-icon landscape czr-gallery-icon'>\r\n                              <a data-lb-type=\"grouped-gallery\" title=\"Cladirea veche pe Rue  de L&#8217;ermitage\" href=http:\/\/www.construieste.info\/wp-content\/uploads\/2014\/10\/paris_v_n03.jpg class=\"bg-link\"><\/a><img width=\"300\" height=\"225\" src=\"https:\/\/i0.wp.com\/www.construieste.info\/wp-content\/uploads\/2014\/10\/paris_v_n03.jpg?fit=300%2C225\" class=\"attachment-medium size-medium\" alt=\"Cladirea veche pe Rue de L&#039;ermitage\" decoding=\"async\" loading=\"lazy\" sizes=\"(min-width: 1200px) 397.5px, (min-width: 992px) 330px, (min-width: 576px) 240px, calc( 50vw - 30px )\" aria-describedby=\"gallery-1-1247\" srcset=\"https:\/\/i0.wp.com\/www.construieste.info\/wp-content\/uploads\/2014\/10\/paris_v_n03.jpg?w=823 823w, https:\/\/i0.wp.com\/www.construieste.info\/wp-content\/uploads\/2014\/10\/paris_v_n03.jpg?resize=300%2C225 300w\" \/>\r\n                        <\/div>\r\n                              <figcaption class='wp-caption-text gallery-caption' id='gallery-1-1247'>\r\n                              Cladirea veche pe Rue  de L&#8217;ermitage\r\n                              <\/figcaption><\/figure><figure class='gallery-item col col-auto'>\r\n                        <div class='gallery-icon landscape czr-gallery-icon'>\r\n                              <a data-lb-type=\"grouped-gallery\" title=\"Cladire noua langa cea veche pe Rue  de L&#8217;ermitage\" href=http:\/\/www.construieste.info\/wp-content\/uploads\/2014\/10\/paris_v_n01.jpg class=\"bg-link\"><\/a><img width=\"300\" height=\"225\" src=\"https:\/\/i0.wp.com\/www.construieste.info\/wp-content\/uploads\/2014\/10\/paris_v_n01.jpg?fit=300%2C225\" class=\"attachment-medium size-medium\" alt=\"Cladire noua langa cea veche pe Rue de L&#039;ermitage\" decoding=\"async\" loading=\"lazy\" sizes=\"(min-width: 1200px) 397.5px, (min-width: 992px) 330px, (min-width: 576px) 240px, calc( 50vw - 30px )\" aria-describedby=\"gallery-1-1245\" srcset=\"https:\/\/i0.wp.com\/www.construieste.info\/wp-content\/uploads\/2014\/10\/paris_v_n01.jpg?w=823 823w, https:\/\/i0.wp.com\/www.construieste.info\/wp-content\/uploads\/2014\/10\/paris_v_n01.jpg?resize=300%2C225 300w\" \/>\r\n                        <\/div>\r\n                              <figcaption class='wp-caption-text gallery-caption' id='gallery-1-1245'>\r\n                              Cladire noua langa cea veche pe Rue  de L&#8217;ermitage\r\n                              <\/figcaption><\/figure><figure class='gallery-item col col-auto'>\r\n                        <div class='gallery-icon landscape czr-gallery-icon'>\r\n                              <a data-lb-type=\"grouped-gallery\" title=\"Alte cladiri din jurul primei pozitii\" href=http:\/\/www.construieste.info\/wp-content\/uploads\/2014\/10\/paris_v_n02.jpg class=\"bg-link\"><\/a><img width=\"300\" height=\"225\" src=\"https:\/\/i0.wp.com\/www.construieste.info\/wp-content\/uploads\/2014\/10\/paris_v_n02.jpg?fit=300%2C225\" class=\"attachment-medium size-medium\" alt=\"Alte cladiri din jurul primei pozitii\" decoding=\"async\" loading=\"lazy\" sizes=\"(min-width: 1200px) 397.5px, (min-width: 992px) 330px, (min-width: 576px) 240px, calc( 50vw - 30px )\" aria-describedby=\"gallery-1-1246\" srcset=\"https:\/\/i0.wp.com\/www.construieste.info\/wp-content\/uploads\/2014\/10\/paris_v_n02.jpg?w=823 823w, https:\/\/i0.wp.com\/www.construieste.info\/wp-content\/uploads\/2014\/10\/paris_v_n02.jpg?resize=300%2C225 300w\" \/>\r\n                        <\/div>\r\n                              <figcaption class='wp-caption-text gallery-caption' id='gallery-1-1246'>\r\n                              Alte cladiri din jurul primei pozitii\r\n                              <\/figcaption><\/figure><figure class='gallery-item col col-auto'>\r\n                        <div class='gallery-icon landscape czr-gallery-icon'>\r\n                              <a data-lb-type=\"grouped-gallery\" href=http:\/\/www.construieste.info\/wp-content\/uploads\/2014\/10\/paris_v_n04.jpg class=\"bg-link\"><\/a><img width=\"300\" height=\"225\" src=\"https:\/\/i0.wp.com\/www.construieste.info\/wp-content\/uploads\/2014\/10\/paris_v_n04.jpg?fit=300%2C225\" class=\"attachment-medium size-medium\" alt=\"\" decoding=\"async\" loading=\"lazy\" sizes=\"(min-width: 1200px) 397.5px, (min-width: 992px) 330px, (min-width: 576px) 240px, calc( 50vw - 30px )\" aria-describedby=\"gallery-1-1246\" srcset=\"https:\/\/i0.wp.com\/www.construieste.info\/wp-content\/uploads\/2014\/10\/paris_v_n04.jpg?w=823 823w, https:\/\/i0.wp.com\/www.construieste.info\/wp-content\/uploads\/2014\/10\/paris_v_n04.jpg?resize=300%2C225 300w\" \/>\r\n                        <\/div><\/figure><figure class='gallery-item col col-auto'>\r\n                        <div class='gallery-icon landscape czr-gallery-icon'>\r\n                              <a data-lb-type=\"grouped-gallery\" title=\"Vedere din susul strazii\" href=http:\/\/www.construieste.info\/wp-content\/uploads\/2014\/10\/paris_v_n05.jpg class=\"bg-link\"><\/a><img width=\"300\" height=\"225\" src=\"https:\/\/i0.wp.com\/www.construieste.info\/wp-content\/uploads\/2014\/10\/paris_v_n05.jpg?fit=300%2C225\" class=\"attachment-medium size-medium\" alt=\"Vedere din susul strazii\" decoding=\"async\" loading=\"lazy\" sizes=\"(min-width: 1200px) 397.5px, (min-width: 992px) 330px, (min-width: 576px) 240px, calc( 50vw - 30px )\" aria-describedby=\"gallery-1-1249\" srcset=\"https:\/\/i0.wp.com\/www.construieste.info\/wp-content\/uploads\/2014\/10\/paris_v_n05.jpg?w=823 823w, https:\/\/i0.wp.com\/www.construieste.info\/wp-content\/uploads\/2014\/10\/paris_v_n05.jpg?resize=300%2C225 300w\" \/>\r\n                        <\/div>\r\n                              <figcaption class='wp-caption-text gallery-caption' id='gallery-1-1249'>\r\n                              Vedere din susul strazii\r\n                              <\/figcaption><\/figure><figure class='gallery-item col col-auto'>\r\n                        <div class='gallery-icon landscape czr-gallery-icon'>\r\n                              <a data-lb-type=\"grouped-gallery\" title=\"Alta strada, alta cladire noua\" href=http:\/\/www.construieste.info\/wp-content\/uploads\/2014\/10\/paris_v_n06.jpg class=\"bg-link\"><\/a><img width=\"300\" height=\"225\" src=\"https:\/\/i0.wp.com\/www.construieste.info\/wp-content\/uploads\/2014\/10\/paris_v_n06.jpg?fit=300%2C225\" class=\"attachment-medium size-medium\" alt=\"Alta strada, alta cladire noua\" decoding=\"async\" loading=\"lazy\" sizes=\"(min-width: 1200px) 397.5px, (min-width: 992px) 330px, (min-width: 576px) 240px, calc( 50vw - 30px )\" aria-describedby=\"gallery-1-1250\" srcset=\"https:\/\/i0.wp.com\/www.construieste.info\/wp-content\/uploads\/2014\/10\/paris_v_n06.jpg?w=823 823w, https:\/\/i0.wp.com\/www.construieste.info\/wp-content\/uploads\/2014\/10\/paris_v_n06.jpg?resize=300%2C225 300w\" \/>\r\n                        <\/div>\r\n                              <figcaption class='wp-caption-text gallery-caption' id='gallery-1-1250'>\r\n                              Alta strada, alta cladire noua\r\n                              <\/figcaption><\/figure><figure class='gallery-item col col-auto'>\r\n                        <div class='gallery-icon landscape czr-gallery-icon'>\r\n                              <a data-lb-type=\"grouped-gallery\" href=http:\/\/www.construieste.info\/wp-content\/uploads\/2014\/10\/paris_v_n07.jpg class=\"bg-link\"><\/a><img width=\"300\" height=\"225\" src=\"https:\/\/i0.wp.com\/www.construieste.info\/wp-content\/uploads\/2014\/10\/paris_v_n07.jpg?fit=300%2C225\" class=\"attachment-medium size-medium\" alt=\"\" decoding=\"async\" loading=\"lazy\" sizes=\"(min-width: 1200px) 397.5px, (min-width: 992px) 330px, (min-width: 576px) 240px, calc( 50vw - 30px )\" aria-describedby=\"gallery-1-1250\" srcset=\"https:\/\/i0.wp.com\/www.construieste.info\/wp-content\/uploads\/2014\/10\/paris_v_n07.jpg?w=823 823w, https:\/\/i0.wp.com\/www.construieste.info\/wp-content\/uploads\/2014\/10\/paris_v_n07.jpg?resize=300%2C225 300w\" \/>\r\n                        <\/div><\/figure><figure class='gallery-item col col-auto'>\r\n                        <div class='gallery-icon portrait czr-gallery-icon'>\r\n                              <a data-lb-type=\"grouped-gallery\" href=http:\/\/www.construieste.info\/wp-content\/uploads\/2014\/10\/paris_v_n08.jpg class=\"bg-link\"><\/a><img width=\"225\" height=\"300\" src=\"https:\/\/i0.wp.com\/www.construieste.info\/wp-content\/uploads\/2014\/10\/paris_v_n08.jpg?fit=225%2C300\" class=\"attachment-medium size-medium\" alt=\"\" decoding=\"async\" loading=\"lazy\" sizes=\"(min-width: 1200px) 397.5px, (min-width: 992px) 330px, (min-width: 576px) 240px, calc( 50vw - 30px )\" aria-describedby=\"gallery-1-1250\" srcset=\"https:\/\/i0.wp.com\/www.construieste.info\/wp-content\/uploads\/2014\/10\/paris_v_n08.jpg?w=617 617w, https:\/\/i0.wp.com\/www.construieste.info\/wp-content\/uploads\/2014\/10\/paris_v_n08.jpg?resize=225%2C300 225w\" \/>\r\n                        <\/div><\/figure><figure class='gallery-item col col-auto'>\r\n                        <div class='gallery-icon portrait czr-gallery-icon'>\r\n                              <a data-lb-type=\"grouped-gallery\" href=http:\/\/www.construieste.info\/wp-content\/uploads\/2014\/10\/paris_v_n09.jpg class=\"bg-link\"><\/a><img width=\"225\" height=\"300\" src=\"https:\/\/i0.wp.com\/www.construieste.info\/wp-content\/uploads\/2014\/10\/paris_v_n09.jpg?fit=225%2C300\" class=\"attachment-medium size-medium\" alt=\"\" decoding=\"async\" loading=\"lazy\" sizes=\"(min-width: 1200px) 397.5px, (min-width: 992px) 330px, (min-width: 576px) 240px, calc( 50vw - 30px )\" aria-describedby=\"gallery-1-1250\" srcset=\"https:\/\/i0.wp.com\/www.construieste.info\/wp-content\/uploads\/2014\/10\/paris_v_n09.jpg?w=617 617w, https:\/\/i0.wp.com\/www.construieste.info\/wp-content\/uploads\/2014\/10\/paris_v_n09.jpg?resize=225%2C300 225w\" \/>\r\n                        <\/div><\/figure><figure class='gallery-item col col-auto'>\r\n                        <div class='gallery-icon landscape czr-gallery-icon'>\r\n                              <a data-lb-type=\"grouped-gallery\" title=\"Aceeasi strada, un complex modern de apartamente\" href=http:\/\/www.construieste.info\/wp-content\/uploads\/2014\/10\/paris_v_n11.jpg class=\"bg-link\"><\/a><img width=\"300\" height=\"225\" src=\"https:\/\/i0.wp.com\/www.construieste.info\/wp-content\/uploads\/2014\/10\/paris_v_n11.jpg?fit=300%2C225\" class=\"attachment-medium size-medium\" alt=\"Aceeasi strada, un complex modern de apartamente\" decoding=\"async\" loading=\"lazy\" sizes=\"(min-width: 1200px) 397.5px, (min-width: 992px) 330px, (min-width: 576px) 240px, calc( 50vw - 30px )\" aria-describedby=\"gallery-1-1255\" srcset=\"https:\/\/i0.wp.com\/www.construieste.info\/wp-content\/uploads\/2014\/10\/paris_v_n11.jpg?w=823 823w, https:\/\/i0.wp.com\/www.construieste.info\/wp-content\/uploads\/2014\/10\/paris_v_n11.jpg?resize=300%2C225 300w\" \/>\r\n                        <\/div>\r\n                              <figcaption class='wp-caption-text gallery-caption' id='gallery-1-1255'>\r\n                              Aceeasi strada, un complex modern de apartamente\r\n                              <\/figcaption><\/figure><figure class='gallery-item col col-auto'>\r\n                        <div class='gallery-icon landscape czr-gallery-icon'>\r\n                              <a data-lb-type=\"grouped-gallery\" href=http:\/\/www.construieste.info\/wp-content\/uploads\/2014\/10\/paris_v_n12.jpg class=\"bg-link\"><\/a><img width=\"300\" height=\"225\" src=\"https:\/\/i0.wp.com\/www.construieste.info\/wp-content\/uploads\/2014\/10\/paris_v_n12.jpg?fit=300%2C225\" class=\"attachment-medium size-medium\" alt=\"\" decoding=\"async\" loading=\"lazy\" sizes=\"(min-width: 1200px) 397.5px, (min-width: 992px) 330px, (min-width: 576px) 240px, calc( 50vw - 30px )\" aria-describedby=\"gallery-1-1255\" srcset=\"https:\/\/i0.wp.com\/www.construieste.info\/wp-content\/uploads\/2014\/10\/paris_v_n12.jpg?w=823 823w, https:\/\/i0.wp.com\/www.construieste.info\/wp-content\/uploads\/2014\/10\/paris_v_n12.jpg?resize=300%2C225 300w\" \/>\r\n                        <\/div><\/figure><figure class='gallery-item col col-auto'>\r\n                        <div class='gallery-icon portrait czr-gallery-icon'>\r\n                              <a data-lb-type=\"grouped-gallery\" href=http:\/\/www.construieste.info\/wp-content\/uploads\/2014\/10\/paris_v_n10.jpg class=\"bg-link\"><\/a><img width=\"225\" height=\"300\" src=\"https:\/\/i0.wp.com\/www.construieste.info\/wp-content\/uploads\/2014\/10\/paris_v_n10.jpg?fit=225%2C300\" class=\"attachment-medium size-medium\" alt=\"\" decoding=\"async\" loading=\"lazy\" sizes=\"(min-width: 1200px) 397.5px, (min-width: 992px) 330px, (min-width: 576px) 240px, calc( 50vw - 30px )\" aria-describedby=\"gallery-1-1255\" srcset=\"https:\/\/i0.wp.com\/www.construieste.info\/wp-content\/uploads\/2014\/10\/paris_v_n10.jpg?w=617 617w, https:\/\/i0.wp.com\/www.construieste.info\/wp-content\/uploads\/2014\/10\/paris_v_n10.jpg?resize=225%2C300 225w\" \/>\r\n                        <\/div><\/figure>\r\n                  <\/div>\n\n<hr \/>\n<p><strong><span style=\"text-decoration: underline; color: #0000ff;\">2. BUDAPESTA<\/span><\/strong><\/p>\n<div id='gallery-2' class='czr-gallery row flex-row czr-gallery-style gallery galleryid-1257 gallery-columns-2 gallery-size-medium'><figure class='gallery-item col col-auto'>\r\n                        <div class='gallery-icon landscape czr-gallery-icon'>\r\n                              <a data-lb-type=\"grouped-gallery\" href=http:\/\/www.construieste.info\/wp-content\/uploads\/2014\/10\/budapesta1.jpg class=\"bg-link\"><\/a><img width=\"300\" height=\"225\" src=\"https:\/\/i0.wp.com\/www.construieste.info\/wp-content\/uploads\/2014\/10\/budapesta1.jpg?fit=300%2C225\" class=\"attachment-medium size-medium\" alt=\"\" decoding=\"async\" loading=\"lazy\" sizes=\"(min-width: 1200px) 397.5px, (min-width: 992px) 330px, (min-width: 576px) 240px, calc( 50vw - 30px )\" srcset=\"https:\/\/i0.wp.com\/www.construieste.info\/wp-content\/uploads\/2014\/10\/budapesta1.jpg?w=1024 1024w, https:\/\/i0.wp.com\/www.construieste.info\/wp-content\/uploads\/2014\/10\/budapesta1.jpg?resize=300%2C225 300w\" \/>\r\n                        <\/div><\/figure><figure class='gallery-item col col-auto'>\r\n                        <div class='gallery-icon landscape czr-gallery-icon'>\r\n                              <a data-lb-type=\"grouped-gallery\" href=http:\/\/www.construieste.info\/wp-content\/uploads\/2014\/10\/budapesta2.jpg class=\"bg-link\"><\/a><img width=\"300\" height=\"225\" src=\"https:\/\/i0.wp.com\/www.construieste.info\/wp-content\/uploads\/2014\/10\/budapesta2.jpg?fit=300%2C225\" class=\"attachment-medium size-medium\" alt=\"\" decoding=\"async\" loading=\"lazy\" sizes=\"(min-width: 1200px) 397.5px, (min-width: 992px) 330px, (min-width: 576px) 240px, calc( 50vw - 30px )\" srcset=\"https:\/\/i0.wp.com\/www.construieste.info\/wp-content\/uploads\/2014\/10\/budapesta2.jpg?w=1024 1024w, https:\/\/i0.wp.com\/www.construieste.info\/wp-content\/uploads\/2014\/10\/budapesta2.jpg?resize=300%2C225 300w\" \/>\r\n                        <\/div><\/figure><figure class='gallery-item col col-auto'>\r\n                        <div class='gallery-icon portrait czr-gallery-icon'>\r\n                              <a data-lb-type=\"grouped-gallery\" href=http:\/\/www.construieste.info\/wp-content\/uploads\/2014\/10\/budapesta3.jpg class=\"bg-link\"><\/a><img width=\"225\" height=\"300\" src=\"https:\/\/i0.wp.com\/www.construieste.info\/wp-content\/uploads\/2014\/10\/budapesta3.jpg?fit=225%2C300\" class=\"attachment-medium size-medium\" alt=\"\" decoding=\"async\" loading=\"lazy\" sizes=\"(min-width: 1200px) 397.5px, (min-width: 992px) 330px, (min-width: 576px) 240px, calc( 50vw - 30px )\" srcset=\"https:\/\/i0.wp.com\/www.construieste.info\/wp-content\/uploads\/2014\/10\/budapesta3.jpg?w=720 720w, https:\/\/i0.wp.com\/www.construieste.info\/wp-content\/uploads\/2014\/10\/budapesta3.jpg?resize=225%2C300 225w\" \/>\r\n                        <\/div><\/figure><figure class='gallery-item col col-auto'>\r\n                        <div class='gallery-icon landscape czr-gallery-icon'>\r\n                              <a data-lb-type=\"grouped-gallery\" href=http:\/\/www.construieste.info\/wp-content\/uploads\/2014\/10\/budapesta4.jpg class=\"bg-link\"><\/a><img width=\"300\" height=\"225\" src=\"https:\/\/i0.wp.com\/www.construieste.info\/wp-content\/uploads\/2014\/10\/budapesta4.jpg?fit=300%2C225\" class=\"attachment-medium size-medium\" alt=\"\" decoding=\"async\" loading=\"lazy\" sizes=\"(min-width: 1200px) 397.5px, (min-width: 992px) 330px, (min-width: 576px) 240px, calc( 50vw - 30px )\" srcset=\"https:\/\/i0.wp.com\/www.construieste.info\/wp-content\/uploads\/2014\/10\/budapesta4.jpg?w=1024 1024w, https:\/\/i0.wp.com\/www.construieste.info\/wp-content\/uploads\/2014\/10\/budapesta4.jpg?resize=300%2C225 300w\" \/>\r\n                        <\/div><\/figure>\r\n                  <\/div>\n\n<p><strong><span style=\"text-decoration: underline; color: #0000ff;\">3. LINZ, PASSAU, NUREMBERG<\/span><\/strong><\/p>\n<p>Din pacate, la momentul cand am vizitat aceste orase nu aveam inca acest blog asa ca nu am decat putin fotografii concludente pe tema asta:<\/p>\n<div id='gallery-3' class='czr-gallery row flex-row czr-gallery-style gallery galleryid-1257 gallery-columns-2 gallery-size-medium'><figure class='gallery-item col col-auto'>\r\n                        <div class='gallery-icon landscape czr-gallery-icon'>\r\n                              <a data-lb-type=\"grouped-gallery\" title=\"Passau\" href=http:\/\/www.construieste.info\/wp-content\/uploads\/2014\/10\/passau1.jpg class=\"bg-link\"><\/a><img width=\"300\" height=\"200\" src=\"https:\/\/i0.wp.com\/www.construieste.info\/wp-content\/uploads\/2014\/10\/passau1.jpg?fit=300%2C200\" class=\"attachment-medium size-medium\" alt=\"\" decoding=\"async\" loading=\"lazy\" sizes=\"(min-width: 1200px) 397.5px, (min-width: 992px) 330px, (min-width: 576px) 240px, calc( 50vw - 30px )\" aria-describedby=\"gallery-3-2469\" srcset=\"https:\/\/i0.wp.com\/www.construieste.info\/wp-content\/uploads\/2014\/10\/passau1.jpg?w=1068 1068w, https:\/\/i0.wp.com\/www.construieste.info\/wp-content\/uploads\/2014\/10\/passau1.jpg?resize=300%2C200 300w, https:\/\/i0.wp.com\/www.construieste.info\/wp-content\/uploads\/2014\/10\/passau1.jpg?resize=1024%2C683 1024w\" \/>\r\n                        <\/div>\r\n                              <figcaption class='wp-caption-text gallery-caption' id='gallery-3-2469'>\r\n                              Passau\r\n                              <\/figcaption><\/figure><figure class='gallery-item col col-auto'>\r\n                        <div class='gallery-icon landscape czr-gallery-icon'>\r\n                              <a data-lb-type=\"grouped-gallery\" title=\"Nuremberg\" href=http:\/\/www.construieste.info\/wp-content\/uploads\/2014\/10\/nuremberg1.jpg class=\"bg-link\"><\/a><img width=\"300\" height=\"200\" src=\"https:\/\/i0.wp.com\/www.construieste.info\/wp-content\/uploads\/2014\/10\/nuremberg1.jpg?fit=300%2C200\" class=\"attachment-medium size-medium\" alt=\"\" decoding=\"async\" loading=\"lazy\" sizes=\"(min-width: 1200px) 397.5px, (min-width: 992px) 330px, (min-width: 576px) 240px, calc( 50vw - 30px )\" aria-describedby=\"gallery-3-2468\" srcset=\"https:\/\/i0.wp.com\/www.construieste.info\/wp-content\/uploads\/2014\/10\/nuremberg1.jpg?w=1068 1068w, https:\/\/i0.wp.com\/www.construieste.info\/wp-content\/uploads\/2014\/10\/nuremberg1.jpg?resize=300%2C200 300w, https:\/\/i0.wp.com\/www.construieste.info\/wp-content\/uploads\/2014\/10\/nuremberg1.jpg?resize=1024%2C683 1024w\" \/>\r\n                        <\/div>\r\n                              <figcaption class='wp-caption-text gallery-caption' id='gallery-3-2468'>\r\n                              Nuremberg\r\n                              <\/figcaption><\/figure><figure class='gallery-item col col-auto'>\r\n                        <div class='gallery-icon landscape czr-gallery-icon'>\r\n                              <a data-lb-type=\"grouped-gallery\" title=\"Linz\" href=http:\/\/www.construieste.info\/wp-content\/uploads\/2014\/10\/linz3.jpg class=\"bg-link\"><\/a><img width=\"300\" height=\"200\" src=\"https:\/\/i0.wp.com\/www.construieste.info\/wp-content\/uploads\/2014\/10\/linz3.jpg?fit=300%2C200\" class=\"attachment-medium size-medium\" alt=\"\" decoding=\"async\" loading=\"lazy\" sizes=\"(min-width: 1200px) 397.5px, (min-width: 992px) 330px, (min-width: 576px) 240px, calc( 50vw - 30px )\" aria-describedby=\"gallery-3-2467\" srcset=\"https:\/\/i0.wp.com\/www.construieste.info\/wp-content\/uploads\/2014\/10\/linz3.jpg?w=1068 1068w, https:\/\/i0.wp.com\/www.construieste.info\/wp-content\/uploads\/2014\/10\/linz3.jpg?resize=300%2C200 300w, https:\/\/i0.wp.com\/www.construieste.info\/wp-content\/uploads\/2014\/10\/linz3.jpg?resize=1024%2C683 1024w\" \/>\r\n                        <\/div>\r\n                              <figcaption class='wp-caption-text gallery-caption' id='gallery-3-2467'>\r\n                              Linz\r\n                              <\/figcaption><\/figure><figure class='gallery-item col col-auto'>\r\n                        <div class='gallery-icon landscape czr-gallery-icon'>\r\n                              <a data-lb-type=\"grouped-gallery\" title=\"Linz\" href=http:\/\/www.construieste.info\/wp-content\/uploads\/2014\/10\/linz2.jpg class=\"bg-link\"><\/a><img width=\"300\" height=\"200\" src=\"https:\/\/i0.wp.com\/www.construieste.info\/wp-content\/uploads\/2014\/10\/linz2.jpg?fit=300%2C200\" class=\"attachment-medium size-medium\" alt=\"\" decoding=\"async\" loading=\"lazy\" sizes=\"(min-width: 1200px) 397.5px, (min-width: 992px) 330px, (min-width: 576px) 240px, calc( 50vw - 30px )\" aria-describedby=\"gallery-3-2466\" srcset=\"https:\/\/i0.wp.com\/www.construieste.info\/wp-content\/uploads\/2014\/10\/linz2.jpg?w=1068 1068w, https:\/\/i0.wp.com\/www.construieste.info\/wp-content\/uploads\/2014\/10\/linz2.jpg?resize=300%2C200 300w, https:\/\/i0.wp.com\/www.construieste.info\/wp-content\/uploads\/2014\/10\/linz2.jpg?resize=1024%2C683 1024w\" \/>\r\n                        <\/div>\r\n                              <figcaption class='wp-caption-text gallery-caption' id='gallery-3-2466'>\r\n                              Linz\r\n                              <\/figcaption><\/figure><figure class='gallery-item col col-auto'>\r\n                        <div class='gallery-icon landscape czr-gallery-icon'>\r\n                              <a data-lb-type=\"grouped-gallery\" title=\"Linz\" href=http:\/\/www.construieste.info\/wp-content\/uploads\/2014\/10\/linz1.jpg class=\"bg-link\"><\/a><img width=\"300\" height=\"200\" src=\"https:\/\/i0.wp.com\/www.construieste.info\/wp-content\/uploads\/2014\/10\/linz1.jpg?fit=300%2C200\" class=\"attachment-medium size-medium\" alt=\"\" decoding=\"async\" loading=\"lazy\" sizes=\"(min-width: 1200px) 397.5px, (min-width: 992px) 330px, (min-width: 576px) 240px, calc( 50vw - 30px )\" aria-describedby=\"gallery-3-2465\" srcset=\"https:\/\/i0.wp.com\/www.construieste.info\/wp-content\/uploads\/2014\/10\/linz1.jpg?w=1068 1068w, https:\/\/i0.wp.com\/www.construieste.info\/wp-content\/uploads\/2014\/10\/linz1.jpg?resize=300%2C200 300w, https:\/\/i0.wp.com\/www.construieste.info\/wp-content\/uploads\/2014\/10\/linz1.jpg?resize=1024%2C683 1024w\" \/>\r\n                        <\/div>\r\n                              <figcaption class='wp-caption-text gallery-caption' id='gallery-3-2465'>\r\n                              Linz\r\n                              <\/figcaption><\/figure>\r\n                  <\/div>\n\n","protected":false},"excerpt":{"rendered":"<p>\u0218tiu ca nu sunt de meserie arhitect si poate nu inteleg mereu ce a vrut sa spuna &#8220;artistul&#8221; dar asta nu \u00eenseamn\u0103 ca nu pot observa c\u00e2nd o cl\u0103dire noua se potrive\u0219te foarte bine l\u00e2ng\u0103 una veche. Am v\u0103zut multe cl\u0103diri noi \u00eencadrate bine \u00een context \u0219i \u00een Bucure\u0219ti, dar parca \u0219i mai multe care [&hellip;]<\/p>\n","protected":false},"author":1,"featured_media":2454,"comment_status":"open","ping_status":"open","sticky":false,"template":"","format":"standard","meta":{"jetpack_post_was_ever_published":false,"jetpack_publicize_message":"","jetpack_is_tweetstorm":false,"jetpack_publicize_feature_enabled":true,"jetpack_social_post_already_shared":true,"jetpack_social_options":{"image_generator_settings":{"template":"highway","enabled":false}}},"categories":[182],"tags":[],"jetpack_publicize_connections":[],"jetpack_featured_media_url":"https:\/\/i0.wp.com\/www.construieste.info\/wp-content\/uploads\/2015\/05\/strada_ingusta3.jpg?fit=1224%2C1632","jetpack_shortlink":"https:\/\/wp.me\/p3ybaN-kh","jetpack_sharing_enabled":true,"jetpack_likes_enabled":true,"jetpack-related-posts":[{"id":4840,"url":"http:\/\/www.construieste.info\/?p=4840","url_meta":{"origin":1257,"position":0},"title":"Mic ghid pentru renovarea apartamentelor!","date":"May 4, 2018","format":false,"excerpt":"Mic ghid pentru renovarea apartamentelor ca sa nu va degradati structural locuinta sau chiar tot blocul! Desfaceri de pereti interiori sau creare de goluri in acestia Nu demolati niciun perete fara autorizatie de construire, chiar daca va spune un specialist ca nu e structural. Daca doriti sau trebuie sa legalizati\u2026","rel":"","context":"In &quot;Finisaje&quot;","img":{"alt_text":"","src":"https:\/\/i0.wp.com\/www.construieste.info\/wp-content\/uploads\/2018\/05\/20180424_091859.jpg?fit=807%2C605&resize=350%2C200","width":350,"height":200},"classes":[]},{"id":575,"url":"http:\/\/www.construieste.info\/?p=575","url_meta":{"origin":1257,"position":1},"title":"Greseli la armarea grinzilor","date":"October 28, 2013","format":false,"excerpt":"Continuam cu sfaturile pentru ingineri \u0219i meseria\u0219i Ast\u0103zi, cea mai frecventa gre\u0219eal\u0103 la armarea grinzilor unui plan\u0219eu: lipsa unui plan de montaj Este foarte important ca \u00eenainte de \u00eenceperea mont\u0103rii armaturilor din grinzi, sa existe un plan de montaj bine stabilit. De ce spun asta? \u00a0 1. \u00a0E foarte clar\u2026","rel":"","context":"In &quot;Structur\u0101 de rezisten\u021b\u0101&quot;","img":{"alt_text":"","src":"https:\/\/i0.wp.com\/www.construieste.info\/wp-content\/uploads\/2013\/10\/wpid-20131023_101204.jpg?resize=350%2C200","width":350,"height":200},"classes":[]},{"id":3354,"url":"http:\/\/www.construieste.info\/?p=3354","url_meta":{"origin":1257,"position":2},"title":"Blocuri ceramice sau BCA?","date":"December 27, 2015","format":false,"excerpt":"In cazul unei cl\u0103diri de locuit multietajata alegerea sistemului de zid\u0103rie pentru anvelopa \u00a0 \u0219i pentru compartiment\u0103rile interioare este o problema larg dezb\u0103tut\u0103 de dezvoltatorii imobiliari si de clien\u021bii acestora. Din c\u00e2nd in c\u00e2nd o mai dezbatem si noi proiectan\u021bii, dar mai rar\u00a0avem succes in a convinge beneficiarul sa foloseasc\u0103\u2026","rel":"","context":"In &quot;Generale&quot;","img":{"alt_text":"","src":"https:\/\/i0.wp.com\/www.construieste.info\/wp-content\/uploads\/2015\/12\/zidarie-2.jpg?fit=640%2C479&resize=350%2C200","width":350,"height":200},"classes":[]},{"id":845,"url":"http:\/\/www.construieste.info\/?p=845","url_meta":{"origin":1257,"position":3},"title":"\u00cemi construiesc apartament sau \u00eemi cump\u0103r?","date":"May 13, 2014","format":false,"excerpt":"Exista pe piata o noua tendinta, \u00a03-4 persoane se asociaza pentru a construi o cladire de apartamente. Tendinta a aparut din nevoia de scadere a preturilor fata de ce se gaseste momentan pe piata. Daca tot am primit recent o intrebare despre costurile unei astfel de investitii, vreau sa fac\u2026","rel":"","context":"In &quot;Cum cump\u0103r o casa?&quot;","img":{"alt_text":"","src":"https:\/\/i0.wp.com\/www.construieste.info\/wp-content\/uploads\/2014\/01\/1426539_176275702567335_199865291_n.jpg?fit=960%2C720&resize=350%2C200","width":350,"height":200},"classes":[]},{"id":13286,"url":"http:\/\/www.construieste.info\/?p=13286","url_meta":{"origin":1257,"position":4},"title":"Cladiri inalte interbelice","date":"August 11, 2019","format":false,"excerpt":"Majoritatea cl\u0103dirilor inalte (>P+4E) din Bucure\u0219ti sunt expertizate tehnic si incadrate in clasa de risc seismic RsI, RsII sau in categorii de urgenta. Desi defini\u021biile acestor \u00eencadr\u0103ri sunt destul de clare, \u00eenc\u0103 sunt oameni care considera ca locuiesc \u00eentr-o cl\u0103dire mult mai rezistenta dec\u00e2t \u00een realitate. Faptul ca \u00eenc\u0103 sunt\u2026","rel":"","context":"In &quot;Cutremur&quot;","img":{"alt_text":"Panouri mari de fatada","src":"https:\/\/i0.wp.com\/www.construieste.info\/wp-content\/uploads\/2015\/12\/panouri_mari_de_fatada.jpg?fit=1200%2C900&resize=350%2C200","width":350,"height":200},"classes":[]},{"id":616,"url":"http:\/\/www.construieste.info\/?p=616","url_meta":{"origin":1257,"position":5},"title":"Si p\u00e2n\u0103 la urm\u0103 eu ce apartament \u00eemi cump\u0103r?","date":"November 21, 2016","format":false,"excerpt":"In viata multor dintre noi a fost un moment in care am vrut sa cump\u0103r\u0103m sau sa \u00eenchiriem un apartament. Ca sa-l parafrazez pe Ion Creanga, nu \u0219tiu al\u021bii cum s-au descurcat dar eu vad o degradare din \u00een ce in ce mai mare a calit\u0103\u021bii blocurilor vechi, defectul meseriei.\u2026","rel":"","context":"In &quot;Cum cump\u0103r o casa?&quot;","img":{"alt_text":"","src":"https:\/\/i0.wp.com\/www.construieste.info\/wp-content\/uploads\/2013\/11\/bl_nou2.jpg?fit=490%2C367&resize=350%2C200","width":350,"height":200},"classes":[]}],"_links":{"self":[{"href":"http:\/\/www.construieste.info\/index.php?rest_route=\/wp\/v2\/posts\/1257"}],"collection":[{"href":"http:\/\/www.construieste.info\/index.php?rest_route=\/wp\/v2\/posts"}],"about":[{"href":"http:\/\/www.construieste.info\/index.php?rest_route=\/wp\/v2\/types\/post"}],"author":[{"embeddable":true,"href":"http:\/\/www.construieste.info\/index.php?rest_route=\/wp\/v2\/users\/1"}],"replies":[{"embeddable":true,"href":"http:\/\/www.construieste.info\/index.php?rest_route=%2Fwp%2Fv2%2Fcomments&post=1257"}],"version-history":[{"count":18,"href":"http:\/\/www.construieste.info\/index.php?rest_route=\/wp\/v2\/posts\/1257\/revisions"}],"predecessor-version":[{"id":3336,"href":"http:\/\/www.construieste.info\/index.php?rest_route=\/wp\/v2\/posts\/1257\/revisions\/3336"}],"wp:featuredmedia":[{"embeddable":true,"href":"http:\/\/www.construieste.info\/index.php?rest_route=\/wp\/v2\/media\/2454"}],"wp:attachment":[{"href":"http:\/\/www.construieste.info\/index.php?rest_route=%2Fwp%2Fv2%2Fmedia&parent=1257"}],"wp:term":[{"taxonomy":"category","embeddable":true,"href":"http:\/\/www.construieste.info\/index.php?rest_route=%2Fwp%2Fv2%2Fcategories&post=1257"},{"taxonomy":"post_tag","embeddable":true,"href":"http:\/\/www.construieste.info\/index.php?rest_route=%2Fwp%2Fv2%2Ftags&post=1257"}],"curies":[{"name":"wp","href":"https:\/\/api.w.org\/{rel}","templated":true}]}}