{"id":2344,"date":"2015-04-05T20:09:04","date_gmt":"2015-04-05T17:09:04","guid":{"rendered":"http:\/\/www.construieste.info\/?p=2344"},"modified":"2015-04-20T16:46:50","modified_gmt":"2015-04-20T13:46:50","slug":"balconul-provocarea-inginerului-structurist-obtinerea-diplomei-pana-pensie","status":"publish","type":"post","link":"http:\/\/www.construieste.info\/?p=2344","title":{"rendered":"Balconul, provocarea inginerului structurist, de la ob\u021binerea diplomei p\u00e2n\u0103 la pensie!"},"content":{"rendered":"<p>Datorita mentorului meu ing. Florin Gheorghiu am devenit un &#8220;maniac&#8221; al detaliilor, in special al celor f\u0103cute de al\u021bii. Din pacate, uneori, cam asta e tendin\u021ba noastr\u0103 a &#8220;meseria\u0219ilor&#8221;, sa-i criticam pe al\u021bii, nu?! Asa ca atunci c\u00e2nd merg prin ora\u0219 \u0219i v\u0103d cl\u0103diri in construc\u021bie le verific calit\u0103\u021bile din ochi. \u0218tiu ca poate n-ar trebui, dar nu ma pot abtine! Cel mai deranjant aspect vizual \u00eel reprezint\u0103 balcoanele cu grinzi laterale f\u0103r\u0103 grinzi de fa\u021bad\u0103, la fel ca \u00een schema de mai jos.<a href=\"https:\/\/i0.wp.com\/www.construieste.info\/wp-content\/uploads\/2015\/04\/balcon1.png\"><img decoding=\"async\" loading=\"lazy\" class=\"aligncenter wp-image-2345 size-large\" src=\"https:\/\/i0.wp.com\/www.construieste.info\/wp-content\/uploads\/2015\/04\/balcon1-e1428253560593-1024x689.png?resize=1024%2C689\" alt=\"balcon1\" width=\"1024\" height=\"689\" data-recalc-dims=\"1\" \/><\/a>Aceasta configura\u021bie nu este neap\u0103rat gre\u0219it\u0103, dar \u00een cele mai multe cazuri este complet inestetica. Structural vorbind, grinzile alea nu ajuta prea mult la mic\u0219orarea consumului de armatura, ele pot fi folositoare numai \u00een cazul \u00een care exista pere\u021bi din zid\u0103rie pe lateralele balconului.<br \/>\nMai mult, grinzile modifica schema statica din plac\u0103 \u00een consol\u0103, \u00een plac\u0103 rezemat\u0103 pe doua laturi \u0219i \u00eencastrat\u0103 pe o latura, o schema mai complexa care necesita o armare diferita fata de cea de consola. Multi apeleaz\u0103 la acest model din dorin\u021ba de economie, o grinda de fa\u021bad\u0103 \u00een plus, costa \u0219i ea ceva. Partea mai trista este c\u0103 \u00een realitate, dac\u0103 nu ai pere\u021bi laterali, nu faci nicio economie, e mai simplu s\u0103 armezi balconul ca o consola dec\u00e2t \u00een configura\u021bia asta ob\u021bin\u00e2nd astfel un aspect vizual decent. Chiar \u0219i un am\u0103r\u00e2t de rebord \u00een jos ar putea salva aspectul cu preturi minime \u0219i ar mul\u021bumi astfel pe toat\u0103 lumea.<\/p>\n<p>Ca si concluzie ori punem grinzi pe tot conturul balcoanelor ori nu punem pentru ca arata urat. Ii rog pe colegii structuri\u0219ti \u0219i pe colegii din \u0219antiere, sa \u00eencerce sa priveasc\u0103 \u0219i partea estetica a unei cl\u0103diri pentru ca altfel ne facem de ras \u00een fata arhitec\u021bilor, noi to\u021bi ca breasl\u0103. \u00a0V\u0103 dau ni\u0219te exemple mai jos de console de 2.00 si 2.20m, se pot face, nu sunt de nerealizat.<\/p>\n<p><a href=\"https:\/\/i0.wp.com\/www.construieste.info\/wp-content\/uploads\/2015\/04\/balcon2.png\"><img decoding=\"async\" loading=\"lazy\" class=\"aligncenter wp-image-2347 size-large\" src=\"https:\/\/i0.wp.com\/www.construieste.info\/wp-content\/uploads\/2015\/04\/balcon2-e1428568460604-1024x944.png?resize=1024%2C944\" alt=\"balcon2\" width=\"1024\" height=\"944\" srcset=\"https:\/\/i0.wp.com\/www.construieste.info\/wp-content\/uploads\/2015\/04\/balcon2-e1428568460604.png?resize=1024%2C944 1024w, https:\/\/i0.wp.com\/www.construieste.info\/wp-content\/uploads\/2015\/04\/balcon2-e1428568460604.png?resize=300%2C277 300w, https:\/\/i0.wp.com\/www.construieste.info\/wp-content\/uploads\/2015\/04\/balcon2-e1428568460604.png?w=1388 1388w\" sizes=\"(max-width: 1024px) 100vw, 1024px\" data-recalc-dims=\"1\" \/><\/a><\/p>\n<p><a href=\"https:\/\/i0.wp.com\/www.construieste.info\/wp-content\/uploads\/2015\/04\/balcon3.png\"><img decoding=\"async\" loading=\"lazy\" class=\"aligncenter wp-image-2348 size-large\" src=\"https:\/\/i0.wp.com\/www.construieste.info\/wp-content\/uploads\/2015\/04\/balcon3-e1428568433959-998x1024.png?resize=998%2C1024\" alt=\"balcon3\" width=\"998\" height=\"1024\" srcset=\"https:\/\/i0.wp.com\/www.construieste.info\/wp-content\/uploads\/2015\/04\/balcon3-e1428568433959.png?resize=998%2C1024 998w, https:\/\/i0.wp.com\/www.construieste.info\/wp-content\/uploads\/2015\/04\/balcon3-e1428568433959.png?resize=293%2C300 293w, https:\/\/i0.wp.com\/www.construieste.info\/wp-content\/uploads\/2015\/04\/balcon3-e1428568433959.png?w=1248 1248w\" sizes=\"(max-width: 998px) 100vw, 998px\" data-recalc-dims=\"1\" \/><\/a><\/p>\n<p>P.S. Mul\u021bumim lui Florin Gheorghiu pentru planuri.<\/p>\n<hr \/>\n<p>&nbsp;<\/p>\n<p>Mai jos inca un exemplu de balcon, fara grinzi, este cel mai interesant proiectat vreodata de noi. Arhitectul este Grig Pop, prietenul nostru de la <a href=\"http:\/\/arhitecturasiurbanism.ro\/proiecte.html#.\/images\/8.jpg\">EFECT SRL.<\/a><\/p>\n<p>&nbsp;<\/p>\n<figure id=\"attachment_2358\" aria-describedby=\"caption-attachment-2358\" style=\"width: 1024px\" class=\"wp-caption aligncenter\"><a href=\"https:\/\/i0.wp.com\/www.construieste.info\/wp-content\/uploads\/2015\/04\/cofraje1.jpg\"><img decoding=\"async\" loading=\"lazy\" class=\"wp-image-2358 size-large\" src=\"https:\/\/i0.wp.com\/www.construieste.info\/wp-content\/uploads\/2015\/04\/cofraje1-e1428575724630-1024x669.jpg?resize=1024%2C669\" alt=\"cofraje1\" width=\"1024\" height=\"669\" srcset=\"https:\/\/i0.wp.com\/www.construieste.info\/wp-content\/uploads\/2015\/04\/cofraje1-e1428575724630.jpg?resize=1024%2C669 1024w, https:\/\/i0.wp.com\/www.construieste.info\/wp-content\/uploads\/2015\/04\/cofraje1-e1428575724630.jpg?resize=300%2C196 300w, https:\/\/i0.wp.com\/www.construieste.info\/wp-content\/uploads\/2015\/04\/cofraje1-e1428575724630.jpg?w=1524 1524w\" sizes=\"(max-width: 1024px) 100vw, 1024px\" data-recalc-dims=\"1\" \/><\/a><figcaption id=\"caption-attachment-2358\" class=\"wp-caption-text\">Cofrajul<\/figcaption><\/figure>\n<p>&nbsp;<\/p>\n<figure id=\"attachment_2359\" aria-describedby=\"caption-attachment-2359\" style=\"width: 1024px\" class=\"wp-caption aligncenter\"><a href=\"https:\/\/i0.wp.com\/www.construieste.info\/wp-content\/uploads\/2015\/04\/cofraje11.jpg\"><img decoding=\"async\" loading=\"lazy\" class=\"wp-image-2359 size-large\" src=\"https:\/\/i0.wp.com\/www.construieste.info\/wp-content\/uploads\/2015\/04\/cofraje11-e1428575853447-1024x797.jpg?resize=1024%2C797\" alt=\"cofraje11\" width=\"1024\" height=\"797\" srcset=\"https:\/\/i0.wp.com\/www.construieste.info\/wp-content\/uploads\/2015\/04\/cofraje11-e1428575853447.jpg?resize=1024%2C797 1024w, https:\/\/i0.wp.com\/www.construieste.info\/wp-content\/uploads\/2015\/04\/cofraje11-e1428575853447.jpg?resize=300%2C234 300w, https:\/\/i0.wp.com\/www.construieste.info\/wp-content\/uploads\/2015\/04\/cofraje11-e1428575853447.jpg?w=1500 1500w\" sizes=\"(max-width: 1024px) 100vw, 1024px\" data-recalc-dims=\"1\" \/><\/a><figcaption id=\"caption-attachment-2359\" class=\"wp-caption-text\">Armarea<\/figcaption><\/figure>\n<figure id=\"attachment_2357\" aria-describedby=\"caption-attachment-2357\" style=\"width: 691px\" class=\"wp-caption aligncenter\"><a href=\"https:\/\/i0.wp.com\/www.construieste.info\/wp-content\/uploads\/2015\/04\/balcon1.jpg\"><img decoding=\"async\" loading=\"lazy\" class=\"wp-image-2357 size-full\" src=\"https:\/\/i0.wp.com\/www.construieste.info\/wp-content\/uploads\/2015\/04\/balcon1.jpg?resize=691%2C922\" alt=\"balcon1\" width=\"691\" height=\"922\" srcset=\"https:\/\/i0.wp.com\/www.construieste.info\/wp-content\/uploads\/2015\/04\/balcon1.jpg?w=691 691w, https:\/\/i0.wp.com\/www.construieste.info\/wp-content\/uploads\/2015\/04\/balcon1.jpg?resize=225%2C300 225w\" sizes=\"(max-width: 691px) 100vw, 691px\" data-recalc-dims=\"1\" \/><\/a><figcaption id=\"caption-attachment-2357\" class=\"wp-caption-text\">si marele final!<\/figcaption><\/figure>\n","protected":false},"excerpt":{"rendered":"<p>Datorita mentorului meu ing. Florin Gheorghiu am devenit un &#8220;maniac&#8221; al detaliilor, in special al celor f\u0103cute de al\u021bii. Din pacate, uneori, cam asta e tendin\u021ba noastr\u0103 a &#8220;meseria\u0219ilor&#8221;, sa-i criticam pe al\u021bii, nu?! Asa ca atunci c\u00e2nd merg prin ora\u0219 \u0219i v\u0103d cl\u0103diri in construc\u021bie le verific calit\u0103\u021bile din ochi. \u0218tiu ca poate n-ar [&hellip;]<\/p>\n","protected":false},"author":1,"featured_media":0,"comment_status":"open","ping_status":"open","sticky":false,"template":"","format":"standard","meta":{"jetpack_post_was_ever_published":false,"jetpack_publicize_message":"","jetpack_is_tweetstorm":false,"jetpack_publicize_feature_enabled":true,"jetpack_social_post_already_shared":true,"jetpack_social_options":{"image_generator_settings":{"template":"highway","enabled":false}}},"categories":[3],"tags":[],"jetpack_publicize_connections":[],"jetpack_featured_media_url":"","jetpack_shortlink":"https:\/\/wp.me\/p3ybaN-BO","jetpack_sharing_enabled":true,"jetpack_likes_enabled":true,"jetpack-related-posts":[{"id":43,"url":"http:\/\/www.construieste.info\/?p=43","url_meta":{"origin":2344,"position":0},"title":"Zid\u0103rie portant\u0103 sau cadre din beton armat?","date":"May 21, 2013","format":false,"excerpt":"...aceasta-i \u00eentrebarea, pe care multi arhitec\u021bi \u0219i-o pun, \u0219i multi clien\u021bi n-o \u00een\u021beleg! O sa explicam pe larg ce \u00eenseamna fiecare, cu avantaje \u0219i dezavantaje. Conform normativelor noastre, structura de rezistenta poate sa fie de 3\u00a0feluri: zidarie portanta, cadre (de mai multe feluri)si cu pere\u021bi din beton armat. La o\u2026","rel":"","context":"In &quot;Structur\u0101 de rezisten\u021b\u0101&quot;","img":{"alt_text":"","src":"https:\/\/i0.wp.com\/www.construieste.info\/wp-content\/uploads\/2015\/03\/zidarie.jpg?fit=504%2C223&resize=350%2C200","width":350,"height":200},"classes":[]},{"id":4026,"url":"http:\/\/www.construieste.info\/?p=4026","url_meta":{"origin":2344,"position":1},"title":"Plan\u0219eul din lemn","date":"August 7, 2017","format":false,"excerpt":"Exista o moda pe pia\u021ba de a \u00eenlocui clasicul plan\u0219eu din beton\u00a0cu unul din lemn, at\u00e2t la cl\u0103diri cu regim de \u00een\u0103l\u021bime parter cat \u0219i la cl\u0103diri cu regim de \u00een\u0103l\u021bime P+M sau P+E+Pod sau diverse combina\u021bii de genul. Este o practica pe care eu personal nu o apreciez tocmai\u2026","rel":"","context":"In &quot;Lemn&quot;","img":{"alt_text":"","src":"https:\/\/i0.wp.com\/www.construieste.info\/wp-content\/uploads\/2017\/08\/planseu-din-lemn_vilared.jpg?fit=1200%2C939&resize=350%2C200","width":350,"height":200},"classes":[]},{"id":575,"url":"http:\/\/www.construieste.info\/?p=575","url_meta":{"origin":2344,"position":2},"title":"Greseli la armarea grinzilor","date":"October 28, 2013","format":false,"excerpt":"Continuam cu sfaturile pentru ingineri \u0219i meseria\u0219i Ast\u0103zi, cea mai frecventa gre\u0219eal\u0103 la armarea grinzilor unui plan\u0219eu: lipsa unui plan de montaj Este foarte important ca \u00eenainte de \u00eenceperea mont\u0103rii armaturilor din grinzi, sa existe un plan de montaj bine stabilit. De ce spun asta? \u00a0 1. \u00a0E foarte clar\u2026","rel":"","context":"In &quot;Structur\u0101 de rezisten\u021b\u0101&quot;","img":{"alt_text":"","src":"https:\/\/i0.wp.com\/www.construieste.info\/wp-content\/uploads\/2013\/10\/wpid-20131023_101204.jpg?resize=350%2C200","width":350,"height":200},"classes":[]},{"id":4452,"url":"http:\/\/www.construieste.info\/?p=4452","url_meta":{"origin":2344,"position":3},"title":"Ponderea elementelor structurale intr-o cladire","date":"April 15, 2018","format":false,"excerpt":"Am facut o analiza pe doua cladiri in cadre din beton armat pentru\u00a0 a vedea care este ponderea elementelor structurale in consumul de beton. Dupa cum putem observa mai jos st\u00e2lpii au o pondere intre 20 si 25%, cu men\u021biunea ca regimurile de \u00een\u0103l\u021bime analizate sunt cam spre maximul la\u2026","rel":"","context":"In &quot;Generale&quot;","img":{"alt_text":"","src":"https:\/\/i0.wp.com\/www.construieste.info\/wp-content\/uploads\/2018\/04\/Slatina_vilared_verticalia.jpg?fit=901%2C575&resize=350%2C200","width":350,"height":200},"classes":[]},{"id":2957,"url":"http:\/\/www.construieste.info\/?p=2957","url_meta":{"origin":2344,"position":4},"title":"Dragi colegi, e vina noastr\u0103 ca lucram ieftin!","date":"November 19, 2015","format":false,"excerpt":"Inca un articol din seria \"ieftin\" pentru ca din p\u0103cate asta este situa\u021bia pe pia\u021b\u0103 momentan. Proiecte ieftine, cl\u0103diri ieftine \u0219i \u00een final proprietari de ieftin. \u00a0Am explicat in acest articol\u00a0\u00a0riscurile pe care le presupune un proiect ieftin. L-am recitit de mai multe ori si nu simt nevoia sa adaug\u2026","rel":"","context":"In &quot;Generale&quot;","img":{"alt_text":"","src":"https:\/\/i0.wp.com\/www.construieste.info\/wp-content\/uploads\/2015\/11\/secure-e1447932130584.jpg?fit=400%2C533&resize=350%2C200","width":350,"height":200},"classes":[]},{"id":22662,"url":"http:\/\/www.construieste.info\/?p=22662","url_meta":{"origin":2344,"position":5},"title":"Polistiren extrudat sub fundatie, da sau nu?","date":"October 4, 2025","format":false,"excerpt":"Articolul de mai jos are la baza un videoclip de pe Youtube, in care se prezinta fundatia unei case. Pe scurt in clip se realizeaza o perna de balast de 70cm adancime (adica peste limita de inghet care este de 80-90cm) apoi peste perna asta se monteaza un polistiren extrudat\u2026","rel":"","context":"In &quot;Generale&quot;","img":{"alt_text":"","src":"https:\/\/i0.wp.com\/www.construieste.info\/wp-content\/uploads\/2025\/10\/fundatii-izolate.png?resize=350%2C200","width":350,"height":200},"classes":[]}],"_links":{"self":[{"href":"http:\/\/www.construieste.info\/index.php?rest_route=\/wp\/v2\/posts\/2344"}],"collection":[{"href":"http:\/\/www.construieste.info\/index.php?rest_route=\/wp\/v2\/posts"}],"about":[{"href":"http:\/\/www.construieste.info\/index.php?rest_route=\/wp\/v2\/types\/post"}],"author":[{"embeddable":true,"href":"http:\/\/www.construieste.info\/index.php?rest_route=\/wp\/v2\/users\/1"}],"replies":[{"embeddable":true,"href":"http:\/\/www.construieste.info\/index.php?rest_route=%2Fwp%2Fv2%2Fcomments&post=2344"}],"version-history":[{"count":10,"href":"http:\/\/www.construieste.info\/index.php?rest_route=\/wp\/v2\/posts\/2344\/revisions"}],"predecessor-version":[{"id":2390,"href":"http:\/\/www.construieste.info\/index.php?rest_route=\/wp\/v2\/posts\/2344\/revisions\/2390"}],"wp:attachment":[{"href":"http:\/\/www.construieste.info\/index.php?rest_route=%2Fwp%2Fv2%2Fmedia&parent=2344"}],"wp:term":[{"taxonomy":"category","embeddable":true,"href":"http:\/\/www.construieste.info\/index.php?rest_route=%2Fwp%2Fv2%2Fcategories&post=2344"},{"taxonomy":"post_tag","embeddable":true,"href":"http:\/\/www.construieste.info\/index.php?rest_route=%2Fwp%2Fv2%2Ftags&post=2344"}],"curies":[{"name":"wp","href":"https:\/\/api.w.org\/{rel}","templated":true}]}}