{"id":302,"date":"2013-07-14T09:46:13","date_gmt":"2013-07-14T06:46:13","guid":{"rendered":"http:\/\/www.construieste.info\/?p=302"},"modified":"2015-04-05T09:05:39","modified_gmt":"2015-04-05T06:05:39","slug":"cum-am-consolidat-o-casa","status":"publish","type":"post","link":"http:\/\/www.construieste.info\/?p=302","title":{"rendered":"Cum am consolidat o casa"},"content":{"rendered":"<p>In acest articol o sa va prezint o casa consolidata si extinsa de noi la <a title=\"VILARED - DESIGNED TO LAST\" href=\"http:\/\/www.vilared.com\/\" target=\"_blank\">Vilared<\/a>. Casa apartine unui prieten,\u00a0 fiind construita prin anii 2006-2007 de tatal lui si nefinalizata. El a dorit sa o transforme intr-o casa de vacanta. Iata mai jos cum arata inainte de interventie,\u00a0 inclusiv\u00a0 planurile intiale.<\/p>\n<figure id=\"attachment_369\" aria-describedby=\"caption-attachment-369\" style=\"width: 533px\" class=\"wp-caption aligncenter\"><a href=\"https:\/\/i0.wp.com\/www.construieste.info\/wp-content\/uploads\/2013\/07\/releveu_parter.jpg\"><img decoding=\"async\" loading=\"lazy\" class=\"wp-image-369 \" src=\"https:\/\/i0.wp.com\/www.construieste.info\/wp-content\/uploads\/2013\/07\/releveu_parter.jpg?resize=533%2C533\" alt=\"Planul de parter intial\" width=\"533\" height=\"533\" srcset=\"https:\/\/i0.wp.com\/www.construieste.info\/wp-content\/uploads\/2013\/07\/releveu_parter.jpg?resize=150%2C150 150w, https:\/\/i0.wp.com\/www.construieste.info\/wp-content\/uploads\/2013\/07\/releveu_parter.jpg?zoom=2&amp;resize=533%2C533 1066w, https:\/\/i0.wp.com\/www.construieste.info\/wp-content\/uploads\/2013\/07\/releveu_parter.jpg?zoom=3&amp;resize=533%2C533 1599w\" sizes=\"(max-width: 533px) 100vw, 533px\" data-recalc-dims=\"1\" \/><\/a><figcaption id=\"caption-attachment-369\" class=\"wp-caption-text\">Planul de parter intial<\/figcaption><\/figure>\n<p>&nbsp;<\/p>\n<figure id=\"attachment_369\" aria-describedby=\"caption-attachment-369\" style=\"width: 533px\" class=\"wp-caption aligncenter\"><a href=\"https:\/\/i0.wp.com\/www.construieste.info\/wp-content\/uploads\/2013\/07\/releveu_etaj.jpg\"><img decoding=\"async\" loading=\"lazy\" class=\"wp-image-369\" src=\"https:\/\/i0.wp.com\/www.construieste.info\/wp-content\/uploads\/2013\/07\/releveu_etaj.jpg?resize=533%2C533\" alt=\"Planul de etaj intial\" width=\"533\" height=\"533\" data-recalc-dims=\"1\" \/><\/a><figcaption id=\"caption-attachment-369\" class=\"wp-caption-text\">Planul de etaj intial<\/figcaption><\/figure>\n<p>&nbsp;<\/p>\n<div id='gallery-1' class='czr-gallery row flex-row czr-gallery-style gallery galleryid-302 gallery-columns-3 gallery-size-thumbnail'><figure class='gallery-item col col-auto'>\r\n                        <div class='gallery-icon landscape czr-gallery-icon'>\r\n                              <a data-lb-type=\"grouped-gallery\" title=\"Fatada principala\" href=http:\/\/www.construieste.info\/wp-content\/uploads\/2013\/06\/IMG_3608.jpg class=\"bg-link\"><\/a><img width=\"150\" height=\"150\" src=\"https:\/\/i0.wp.com\/www.construieste.info\/wp-content\/uploads\/2013\/06\/IMG_3608.jpg?resize=150%2C150\" class=\"attachment-thumbnail size-thumbnail\" alt=\"\" decoding=\"async\" loading=\"lazy\" sizes=\"(min-width: 1200px) 255px, (min-width: 992px) 210px, (min-width: 576px) 150px, calc( 50vw - 30px )\" aria-describedby=\"gallery-1-303\" srcset=\"https:\/\/i0.wp.com\/www.construieste.info\/wp-content\/uploads\/2013\/06\/IMG_3608.jpg?resize=150%2C150 150w, https:\/\/i0.wp.com\/www.construieste.info\/wp-content\/uploads\/2013\/06\/IMG_3608.jpg?zoom=2&amp;resize=150%2C150 300w, https:\/\/i0.wp.com\/www.construieste.info\/wp-content\/uploads\/2013\/06\/IMG_3608.jpg?zoom=3&amp;resize=150%2C150 450w\" \/>\r\n                        <\/div>\r\n                              <figcaption class='wp-caption-text gallery-caption' id='gallery-1-303'>\r\n                              Fatada principala\r\n                              <\/figcaption><\/figure><figure class='gallery-item col col-auto'>\r\n                        <div class='gallery-icon landscape czr-gallery-icon'>\r\n                              <a data-lb-type=\"grouped-gallery\" title=\"Fatada laterala stanga\" href=http:\/\/www.construieste.info\/wp-content\/uploads\/2013\/06\/IMG_3609.jpg class=\"bg-link\"><\/a><img width=\"150\" height=\"150\" src=\"https:\/\/i0.wp.com\/www.construieste.info\/wp-content\/uploads\/2013\/06\/IMG_3609.jpg?resize=150%2C150\" class=\"attachment-thumbnail size-thumbnail\" alt=\"\" decoding=\"async\" loading=\"lazy\" sizes=\"(min-width: 1200px) 255px, (min-width: 992px) 210px, (min-width: 576px) 150px, calc( 50vw - 30px )\" aria-describedby=\"gallery-1-304\" srcset=\"https:\/\/i0.wp.com\/www.construieste.info\/wp-content\/uploads\/2013\/06\/IMG_3609.jpg?resize=150%2C150 150w, https:\/\/i0.wp.com\/www.construieste.info\/wp-content\/uploads\/2013\/06\/IMG_3609.jpg?zoom=2&amp;resize=150%2C150 300w, https:\/\/i0.wp.com\/www.construieste.info\/wp-content\/uploads\/2013\/06\/IMG_3609.jpg?zoom=3&amp;resize=150%2C150 450w\" \/>\r\n                        <\/div>\r\n                              <figcaption class='wp-caption-text gallery-caption' id='gallery-1-304'>\r\n                              Fatada laterala stanga\r\n                              <\/figcaption><\/figure><figure class='gallery-item col col-auto'>\r\n                        <div class='gallery-icon landscape czr-gallery-icon'>\r\n                              <a data-lb-type=\"grouped-gallery\" title=\"Imagini din pod, inainte de interventie\" href=http:\/\/www.construieste.info\/wp-content\/uploads\/2013\/06\/IMG_3627.jpg class=\"bg-link\"><\/a><img width=\"150\" height=\"150\" src=\"https:\/\/i0.wp.com\/www.construieste.info\/wp-content\/uploads\/2013\/06\/IMG_3627.jpg?resize=150%2C150\" class=\"attachment-thumbnail size-thumbnail\" alt=\"\" decoding=\"async\" loading=\"lazy\" sizes=\"(min-width: 1200px) 255px, (min-width: 992px) 210px, (min-width: 576px) 150px, calc( 50vw - 30px )\" aria-describedby=\"gallery-1-306\" srcset=\"https:\/\/i0.wp.com\/www.construieste.info\/wp-content\/uploads\/2013\/06\/IMG_3627.jpg?resize=150%2C150 150w, https:\/\/i0.wp.com\/www.construieste.info\/wp-content\/uploads\/2013\/06\/IMG_3627.jpg?zoom=2&amp;resize=150%2C150 300w, https:\/\/i0.wp.com\/www.construieste.info\/wp-content\/uploads\/2013\/06\/IMG_3627.jpg?zoom=3&amp;resize=150%2C150 450w\" \/>\r\n                        <\/div>\r\n                              <figcaption class='wp-caption-text gallery-caption' id='gallery-1-306'>\r\n                              Imagini din pod, inainte de interventie\r\n                              <\/figcaption><\/figure><figure class='gallery-item col col-auto'>\r\n                        <div class='gallery-icon landscape czr-gallery-icon'>\r\n                              <a data-lb-type=\"grouped-gallery\" title=\"Imagini din pod, inainte de interventie, vedeti cum au intrerupt centura frontonului in zona panei.\" href=http:\/\/www.construieste.info\/wp-content\/uploads\/2013\/06\/IMG_3625.jpg class=\"bg-link\"><\/a><img width=\"150\" height=\"150\" src=\"https:\/\/i0.wp.com\/www.construieste.info\/wp-content\/uploads\/2013\/06\/IMG_3625.jpg?resize=150%2C150\" class=\"attachment-thumbnail size-thumbnail\" alt=\"\" decoding=\"async\" loading=\"lazy\" sizes=\"(min-width: 1200px) 255px, (min-width: 992px) 210px, (min-width: 576px) 150px, calc( 50vw - 30px )\" aria-describedby=\"gallery-1-305\" srcset=\"https:\/\/i0.wp.com\/www.construieste.info\/wp-content\/uploads\/2013\/06\/IMG_3625.jpg?resize=150%2C150 150w, https:\/\/i0.wp.com\/www.construieste.info\/wp-content\/uploads\/2013\/06\/IMG_3625.jpg?zoom=2&amp;resize=150%2C150 300w, https:\/\/i0.wp.com\/www.construieste.info\/wp-content\/uploads\/2013\/06\/IMG_3625.jpg?zoom=3&amp;resize=150%2C150 450w\" \/>\r\n                        <\/div>\r\n                              <figcaption class='wp-caption-text gallery-caption' id='gallery-1-305'>\r\n                              Imagini din pod, inainte de interventie, vedeti cum au intrerupt centura frontonului in zona panei.\r\n                              <\/figcaption><\/figure>\r\n                  <\/div>\n\n<p>Inainte de a stabili cu ei modificarile ce si le doresc, le-am facut o lista cu problemele observate de mine si cu solutiile de remediere pe care le-am luat:<\/p>\n<p><em>1.\u00a0Structura de rezistenta a fost conformata ca pentru\u00a0zid\u0103rie\u00a0portanta, dar nu sunt\u00a0pere\u021bi\u00a0suficien\u021bi\u00a0pe ambele\u00a0direc\u021bii, datorita golurilor foarte\u00a0mari.\u00a0<\/em><\/p>\n<p><b>Solu\u021bie<\/b><strong>:<\/strong> \u00a0nu este o problema grava asa ca am m\u0103rit\u00a0capacitatea portanta \u00a0prin\u00a0introducerea de pere\u021bi noi, casa extinz\u00e2ndu-se dup\u0103 cum pute\u021bi vedea in planuri.<\/p>\n<p><em>2. Scara este fisurata, placa din zona\u00a0sc\u0103rii\u00a0la fel.<\/em><\/p>\n<p><b>Solu\u021bie<\/b><strong>:<\/strong> am mutat scara in alta zona,\u00a0am ref\u0103cut placa pe zona respectiva.<\/p>\n<p><em>3. Balconul reazema pe contur numai pe stalpi, fara nicio grinda. Tinand cont ca placa era fisurata, probabil ca si balconul era armat la fel de prost, iar in cazul unui cutremur ar fi fost probleme.<\/em><\/p>\n<p><strong>Solutie<\/strong>:\u00a0s-au introdus\u00a0grinzi din beton armat pe contur, care pe trei laturi au\u00a0devenit centuri ai peretilor noi &#8211; s-a decis extinderea suprafe\u021bei locuite \u0219i pe zona teraselor de la parter.<\/p>\n<p><em>4. \u0218arpanta era prost realizata, panele aveau o deschidere de peste 7.00 m si erau din doua bucati, imbinate undeva in mijlocul deschiderii. <\/em><\/p>\n<p><strong>Solu\u021bie:<\/strong> Aici am introdus popi ascun\u0219i \u00een ni\u0219te pere\u021bi de gips carton care au ap\u0103rut pe noul partiu de arhitectura. Am \u00eent\u0103rit capriorii care erau imbinati intre doua pane, cu eclise din scandura, si la fel si panele le-am \u00eent\u0103rit cu eclise. Muncitorii au montat \u0219i \u00a0un plan\u0219eu din grinzi de lemn 15x15cm pe care au aplicat gips carton ca finisaj. Pe acest planseu\u00a0au rezemat panele intermediare prin introducerea e popi\u00a0p\u00e2na sub ele.<\/p>\n<p><em>5. St\u00e2lpul de la balconul etajului, care sus\u021bine coama acoperi\u0219ului, este mult prea \u00eenalt \u0219i nu are un ancoraj foarte bun \u00een parter care sa-i\u00a0permit\u0103\u00a0sa lucreze ca un pendul (sau consola).\u00a0<\/em><\/p>\n<p><strong>Solu\u021bie:<\/strong>\u00a0Acest st\u00e2lp era mai degrab\u0103 era articulat la baza dec\u00e2t \u00eencastrat, motiv pentru care am introdus o grinda transversal, sub pana de coama, ancor\u00e2nd astfel st\u00e2lpul \u0219i asigur\u00e2ndu-l la r\u0103sturnare.<\/p>\n<p><strong>Alte interventii:<\/strong><\/p>\n<p>&#8211;\u00a0Scara noua a fost mutata pe o laterala prin realizarea unei case a sc\u0103rii, pe toat\u0103 \u00een\u0103l\u021bimea cl\u0103dirii. \u00a0Accesul a fost dat din terasa existenta in fa\u021bada principala, dup\u0103 cum pute\u021bi observa in planuri.<\/p>\n<p>&#8211;\u00a0S-au m\u0103rit c\u00e2teva goluri pe fa\u021bad\u0103 si s-au creat unele noi\u00a0pentru care\u00a0am f\u0103cut buiandrugi sau cadre de \u00eenr\u0103mare (st\u00e2lpi\u0219ori \u0219i grinda) din beton armat. Toate elementele noi de beton au fost ancorate cu r\u0103\u0219ini epoxidice (popular numite ancore chimice).<\/p>\n<p>Echipa de constructori a inceput cu greseli si a trebuit sa am o discutie mai nepoliticoasa cu ei. Probabil ca de rusine si mai mult ca sa-mi dovedeasca ca nu sunt prosti, au pus mana pe munca si-au facut o treaba acceptabila, dar nu extraordinara. Au avut si cateva scapari, unele le-am corectat, unele nu le-am vazut, oricum cele mai importante s-au facut si macar am satisfactia ca am rezolvat cele mai grave probleme.<\/p>\n<p>Negocierea partiului de arhitectura a fost foarte dificila. In situatia initiala nu exista un confort specific unei case de vacanta, in plus erau tot felul de limitari datorate zidurilor care erau portante. Oamenii au fost intelegatori si cu putin \u201cbrainstorming\u201d am gasit niste solutii elegante care le-au placut foarte mult.\u00a0 Mai jos cateva planuri exemplificative predate pentru santier.<\/p>\n<figure id=\"attachment_387\" aria-describedby=\"caption-attachment-387\" style=\"width: 550px\" class=\"wp-caption aligncenter\"><a href=\"https:\/\/i0.wp.com\/www.construieste.info\/wp-content\/uploads\/2013\/07\/parter.jpg\"><img decoding=\"async\" loading=\"lazy\" class=\"wp-image-387 \" src=\"https:\/\/i0.wp.com\/www.construieste.info\/wp-content\/uploads\/2013\/07\/parter.jpg?resize=550%2C550\" alt=\"Plan parter-arhitectura\" width=\"550\" height=\"550\" srcset=\"https:\/\/i0.wp.com\/www.construieste.info\/wp-content\/uploads\/2013\/07\/parter.jpg?resize=150%2C150 150w, https:\/\/i0.wp.com\/www.construieste.info\/wp-content\/uploads\/2013\/07\/parter.jpg?zoom=2&amp;resize=550%2C550 1100w\" sizes=\"(max-width: 550px) 100vw, 550px\" data-recalc-dims=\"1\" \/><\/a><figcaption id=\"caption-attachment-387\" class=\"wp-caption-text\">Plan parter-arhitectura<\/figcaption><\/figure>\n<p>&nbsp;<\/p>\n<figure id=\"attachment_387\" aria-describedby=\"caption-attachment-387\" style=\"width: 550px\" class=\"wp-caption aligncenter\"><a href=\"https:\/\/i0.wp.com\/www.construieste.info\/wp-content\/uploads\/2013\/07\/etaj.jpg\"><img decoding=\"async\" loading=\"lazy\" class=\"wp-image-387 \" src=\"https:\/\/i0.wp.com\/www.construieste.info\/wp-content\/uploads\/2013\/07\/etaj.jpg?resize=550%2C550\" alt=\"Plan parter-arhitectura\" width=\"550\" height=\"550\" data-recalc-dims=\"1\" \/><\/a><figcaption id=\"caption-attachment-387\" class=\"wp-caption-text\">Plan etaj -arhitectura<\/figcaption><\/figure>\n<p>&nbsp;<\/p>\n<figure id=\"attachment_386\" aria-describedby=\"caption-attachment-386\" style=\"width: 550px\" class=\"wp-caption aligncenter\"><a href=\"https:\/\/i0.wp.com\/www.construieste.info\/wp-content\/uploads\/2013\/07\/f2.jpg\"><img decoding=\"async\" loading=\"lazy\" class=\"size-medium wp-image-386\" src=\"https:\/\/i0.wp.com\/www.construieste.info\/wp-content\/uploads\/2013\/07\/f2.jpg?resize=550%2C550\" alt=\"Interventii pe una din fatade\" width=\"550\" height=\"550\" srcset=\"https:\/\/i0.wp.com\/www.construieste.info\/wp-content\/uploads\/2013\/07\/f2.jpg?resize=150%2C150 150w, https:\/\/i0.wp.com\/www.construieste.info\/wp-content\/uploads\/2013\/07\/f2.jpg?zoom=2&amp;resize=550%2C550 1100w, https:\/\/i0.wp.com\/www.construieste.info\/wp-content\/uploads\/2013\/07\/f2.jpg?zoom=3&amp;resize=550%2C550 1650w\" sizes=\"(max-width: 550px) 100vw, 550px\" data-recalc-dims=\"1\" \/><\/a><figcaption id=\"caption-attachment-386\" class=\"wp-caption-text\">Interventii pe una din fatade<\/figcaption><\/figure>\n<p>Acum casa este terminata si e folosita. Bugetul a fost dep\u0103\u0219it foarte mult, de la 30 000 de euro c\u00e2t doreau\u00a0ei sa investeasc\u0103\u00a0\u00a0ini\u021bial, au ajuns la cca\u00a045 000 euro. Mai jos pute\u021bi vedea c\u00e2teva poze &#8220;la gata&#8221;. De\u0219i ca aspect exterior\u00a0nu este o reu\u0219it\u0103, interven\u021biile au asigurat func\u021bionalitatea de care aceasta familie avea nevoie, pana la urma asta este \u0219i menirea unei case, confortul.<\/p>\n<div id='gallery-2' class='czr-gallery row flex-row czr-gallery-style gallery galleryid-302 gallery-columns-3 gallery-size-thumbnail'><figure class='gallery-item col col-auto'>\r\n                        <div class='gallery-icon landscape czr-gallery-icon'>\r\n                              <a data-lb-type=\"grouped-gallery\" title=\"Fatada principala noua\" href=http:\/\/www.construieste.info\/wp-content\/uploads\/2013\/07\/IMG_1397.jpg class=\"bg-link\"><\/a><img width=\"150\" height=\"150\" src=\"https:\/\/i0.wp.com\/www.construieste.info\/wp-content\/uploads\/2013\/07\/IMG_1397.jpg?resize=150%2C150\" class=\"attachment-thumbnail size-thumbnail\" alt=\"\" decoding=\"async\" loading=\"lazy\" sizes=\"(min-width: 1200px) 255px, (min-width: 992px) 210px, (min-width: 576px) 150px, calc( 50vw - 30px )\" aria-describedby=\"gallery-2-363\" srcset=\"https:\/\/i0.wp.com\/www.construieste.info\/wp-content\/uploads\/2013\/07\/IMG_1397.jpg?resize=150%2C150 150w, https:\/\/i0.wp.com\/www.construieste.info\/wp-content\/uploads\/2013\/07\/IMG_1397.jpg?zoom=2&amp;resize=150%2C150 300w, https:\/\/i0.wp.com\/www.construieste.info\/wp-content\/uploads\/2013\/07\/IMG_1397.jpg?zoom=3&amp;resize=150%2C150 450w\" \/>\r\n                        <\/div>\r\n                              <figcaption class='wp-caption-text gallery-caption' id='gallery-2-363'>\r\n                              Fatada principala noua\r\n                              <\/figcaption><\/figure><figure class='gallery-item col col-auto'>\r\n                        <div class='gallery-icon landscape czr-gallery-icon'>\r\n                              <a data-lb-type=\"grouped-gallery\" title=\"Fatada principala\" href=http:\/\/www.construieste.info\/wp-content\/uploads\/2013\/07\/IMG_1404.jpg class=\"bg-link\"><\/a><img width=\"150\" height=\"150\" src=\"https:\/\/i0.wp.com\/www.construieste.info\/wp-content\/uploads\/2013\/07\/IMG_1404.jpg?resize=150%2C150\" class=\"attachment-thumbnail size-thumbnail\" alt=\"\" decoding=\"async\" loading=\"lazy\" sizes=\"(min-width: 1200px) 255px, (min-width: 992px) 210px, (min-width: 576px) 150px, calc( 50vw - 30px )\" aria-describedby=\"gallery-2-364\" srcset=\"https:\/\/i0.wp.com\/www.construieste.info\/wp-content\/uploads\/2013\/07\/IMG_1404.jpg?resize=150%2C150 150w, https:\/\/i0.wp.com\/www.construieste.info\/wp-content\/uploads\/2013\/07\/IMG_1404.jpg?zoom=2&amp;resize=150%2C150 300w, https:\/\/i0.wp.com\/www.construieste.info\/wp-content\/uploads\/2013\/07\/IMG_1404.jpg?zoom=3&amp;resize=150%2C150 450w\" \/>\r\n                        <\/div>\r\n                              <figcaption class='wp-caption-text gallery-caption' id='gallery-2-364'>\r\n                              Fatada principala\r\n                              <\/figcaption><\/figure><figure class='gallery-item col col-auto'>\r\n                        <div class='gallery-icon landscape czr-gallery-icon'>\r\n                              <a data-lb-type=\"grouped-gallery\" title=\"Fatada laterala stanga\" href=http:\/\/www.construieste.info\/wp-content\/uploads\/2013\/07\/IMG_1417.jpg class=\"bg-link\"><\/a><img width=\"150\" height=\"150\" src=\"https:\/\/i0.wp.com\/www.construieste.info\/wp-content\/uploads\/2013\/07\/IMG_1417.jpg?resize=150%2C150\" class=\"attachment-thumbnail size-thumbnail\" alt=\"\" decoding=\"async\" loading=\"lazy\" sizes=\"(min-width: 1200px) 255px, (min-width: 992px) 210px, (min-width: 576px) 150px, calc( 50vw - 30px )\" aria-describedby=\"gallery-2-365\" srcset=\"https:\/\/i0.wp.com\/www.construieste.info\/wp-content\/uploads\/2013\/07\/IMG_1417.jpg?resize=150%2C150 150w, https:\/\/i0.wp.com\/www.construieste.info\/wp-content\/uploads\/2013\/07\/IMG_1417.jpg?zoom=2&amp;resize=150%2C150 300w, https:\/\/i0.wp.com\/www.construieste.info\/wp-content\/uploads\/2013\/07\/IMG_1417.jpg?zoom=3&amp;resize=150%2C150 450w\" \/>\r\n                        <\/div>\r\n                              <figcaption class='wp-caption-text gallery-caption' id='gallery-2-365'>\r\n                              Fatada laterala stanga\r\n                              <\/figcaption><\/figure><figure class='gallery-item col col-auto'>\r\n                        <div class='gallery-icon landscape czr-gallery-icon'>\r\n                              <a data-lb-type=\"grouped-gallery\" title=\"Fatada laterala stanga\" href=http:\/\/www.construieste.info\/wp-content\/uploads\/2013\/07\/IMG_1419.jpg class=\"bg-link\"><\/a><img width=\"150\" height=\"150\" src=\"https:\/\/i0.wp.com\/www.construieste.info\/wp-content\/uploads\/2013\/07\/IMG_1419.jpg?resize=150%2C150\" class=\"attachment-thumbnail size-thumbnail\" alt=\"\" decoding=\"async\" loading=\"lazy\" sizes=\"(min-width: 1200px) 255px, (min-width: 992px) 210px, (min-width: 576px) 150px, calc( 50vw - 30px )\" aria-describedby=\"gallery-2-367\" srcset=\"https:\/\/i0.wp.com\/www.construieste.info\/wp-content\/uploads\/2013\/07\/IMG_1419.jpg?resize=150%2C150 150w, https:\/\/i0.wp.com\/www.construieste.info\/wp-content\/uploads\/2013\/07\/IMG_1419.jpg?zoom=2&amp;resize=150%2C150 300w, https:\/\/i0.wp.com\/www.construieste.info\/wp-content\/uploads\/2013\/07\/IMG_1419.jpg?zoom=3&amp;resize=150%2C150 450w\" \/>\r\n                        <\/div>\r\n                              <figcaption class='wp-caption-text gallery-caption' id='gallery-2-367'>\r\n                              Fatada laterala stanga\r\n                              <\/figcaption><\/figure><figure class='gallery-item col col-auto'>\r\n                        <div class='gallery-icon landscape czr-gallery-icon'>\r\n                              <a data-lb-type=\"grouped-gallery\" title=\"Fatada laterala stanga\" href=http:\/\/www.construieste.info\/wp-content\/uploads\/2013\/07\/IMG_1418.jpg class=\"bg-link\"><\/a><img width=\"150\" height=\"150\" src=\"https:\/\/i0.wp.com\/www.construieste.info\/wp-content\/uploads\/2013\/07\/IMG_1418.jpg?resize=150%2C150\" class=\"attachment-thumbnail size-thumbnail\" alt=\"\" decoding=\"async\" loading=\"lazy\" sizes=\"(min-width: 1200px) 255px, (min-width: 992px) 210px, (min-width: 576px) 150px, calc( 50vw - 30px )\" aria-describedby=\"gallery-2-366\" srcset=\"https:\/\/i0.wp.com\/www.construieste.info\/wp-content\/uploads\/2013\/07\/IMG_1418.jpg?resize=150%2C150 150w, https:\/\/i0.wp.com\/www.construieste.info\/wp-content\/uploads\/2013\/07\/IMG_1418.jpg?zoom=2&amp;resize=150%2C150 300w, https:\/\/i0.wp.com\/www.construieste.info\/wp-content\/uploads\/2013\/07\/IMG_1418.jpg?zoom=3&amp;resize=150%2C150 450w\" \/>\r\n                        <\/div>\r\n                              <figcaption class='wp-caption-text gallery-caption' id='gallery-2-366'>\r\n                              Fatada laterala stanga\r\n                              <\/figcaption><\/figure>\r\n                  <\/div>\n\n<p>Aici pute\u021bi consulta planurile de\u00a0 <a href=\"http:\/\/www.construieste.info\/wp-content\/uploads\/2013\/07\/parter.pdf\">parter<\/a>\u00a0si de <a href=\"http:\/\/www.construieste.info\/wp-content\/uploads\/2013\/07\/etaj.pdf\">etaj<\/a>\u00a0in format PDF la o rezolutie mai buna. In planuri nu apare terasa, ea s-a construit\u00a0separat cu alta autoriza\u021bie de construire.<\/p>\n","protected":false},"excerpt":{"rendered":"<p>In acest articol o sa va prezint o casa consolidata si extinsa de noi la Vilared. Casa apartine unui prieten,\u00a0 fiind construita prin anii 2006-2007 de tatal lui si nefinalizata. El a dorit sa o transforme intr-o casa de vacanta. Iata mai jos cum arata inainte de interventie,\u00a0 inclusiv\u00a0 planurile intiale. &nbsp; &nbsp; Inainte de [&hellip;]<\/p>\n","protected":false},"author":1,"featured_media":0,"comment_status":"open","ping_status":"open","sticky":false,"template":"","format":"standard","meta":{"jetpack_post_was_ever_published":false,"jetpack_publicize_message":"","jetpack_is_tweetstorm":false,"jetpack_publicize_feature_enabled":true,"jetpack_social_post_already_shared":true,"jetpack_social_options":{"image_generator_settings":{"template":"highway","enabled":false}}},"categories":[3],"tags":[85,79,80,81],"jetpack_publicize_connections":[],"jetpack_featured_media_url":"","jetpack_shortlink":"https:\/\/wp.me\/p3ybaN-4S","jetpack_sharing_enabled":true,"jetpack_likes_enabled":true,"jetpack-related-posts":[{"id":1887,"url":"http:\/\/www.construieste.info\/?p=1887","url_meta":{"origin":302,"position":0},"title":"Indica\u021bii despre execu\u021bia zidariei","date":"January 28, 2015","format":false,"excerpt":"Mi se pare important sa precizez de la inceput unele aspecte de care trebuie sa tii cont atunci cand incepi construirea casei. Este foarte importanta echipa de muncitori pe care o alegi pentru realizarea structurii. Trebuie sa fiti atenti ca echipa respectiva sa cuprinda muncitori de diferite meserii : dulgheri,\u2026","rel":"","context":"In &quot;Generale&quot;","img":{"alt_text":"","src":"https:\/\/i0.wp.com\/www.construieste.info\/wp-content\/uploads\/2015\/01\/zidarie_vilared08.jpg?resize=350%2C200","width":350,"height":200},"classes":[]},{"id":86,"url":"http:\/\/www.construieste.info\/?p=86","url_meta":{"origin":302,"position":1},"title":"&#8220;Mesaj important pentru tara&#8221; :)","date":"May 22, 2013","format":false,"excerpt":"Un mesaj pentru colegii ingineri si arhitecti: daca considerati ca aveti ceva de spus clientilor dvs., puteti sa o faceti pe www.construieste.info. Daca aveti o idee de articol, sau un articol deja scris care credeti ca merita promovat, astept un email la\u00a0vilared {at} gmail.com. Multumesc","rel":"","context":"In &quot;Generale&quot;","img":{"alt_text":"","src":"","width":0,"height":0},"classes":[]},{"id":3249,"url":"http:\/\/www.construieste.info\/?p=3249","url_meta":{"origin":302,"position":2},"title":"Dirigintele de \u0219antier sau dec\u0103derea unei profesii","date":"October 11, 2015","format":false,"excerpt":"Despre ce \u00eenseamn\u0103 un diriginte de \u0219antier \u0219i care este rolul lui am scris aici. Pe scurt, rolul lui este de a verifica execu\u021bia lucr\u0103rilor \u00een numele beneficiarului. Este important de re\u021binut acest lucru pentru ceea ce urmeaza mai jos. Din septembrie 2016 intra in vigoare prevederile noii legi 10\/1995\u2026","rel":"","context":"In &quot;Cum sa-ti faci casa&quot;","img":{"alt_text":"","src":"https:\/\/i0.wp.com\/www.construieste.info\/wp-content\/uploads\/2015\/10\/diriginte_santier.jpg?resize=350%2C200","width":350,"height":200},"classes":[]},{"id":1184,"url":"http:\/\/www.construieste.info\/?p=1184","url_meta":{"origin":302,"position":3},"title":"Contrav\u00e2ntuiri clasice sau cu tiran\u021bi?","date":"September 28, 2014","format":false,"excerpt":"Daca ati proiectat vreodat\u0103 o structura metalica parter (hala) sigur v-ati confruntat cu \"problema consumului de material\". Pentru a obtine un consum redus de otel exista mai multe solutii printre care si una folosita destul de des in ultima vreme, in special de tinerii ingineri, \u00eenlocuirea sistemului clasic de contrav\u00e2ntuiri\u2026","rel":"","context":"In &quot;Generale&quot;","img":{"alt_text":"","src":"https:\/\/i0.wp.com\/www.construieste.info\/wp-content\/uploads\/2014\/09\/tirant.jpg?fit=584%2C466&resize=350%2C200","width":350,"height":200},"classes":[]},{"id":999,"url":"http:\/\/www.construieste.info\/?p=999","url_meta":{"origin":302,"position":4},"title":"Cum faci o casa ieftina?","date":"August 29, 2014","format":false,"excerpt":"O casa se poate \u00eencadra, ca orice alt produs comercial, \u00eentr-o gama de pre\u021b \u0219i o gama de calitate. Discu\u021bia din acest articol este despre casele \u0219i apartamentele construite pentru \u0219i de c\u0103tre persoane cu venituri medii \u00een\u00a0Romania.\u00a0 Majoritatea celor care \u00ee\u0219i construiesc\u00a0case, cauta o alternativa la\u00a0a sta \u00een chirie\u2026","rel":"","context":"In &quot;Structur\u0101 de rezisten\u021b\u0101&quot;","img":{"alt_text":"","src":"https:\/\/i0.wp.com\/www.construieste.info\/wp-content\/uploads\/2014\/08\/segregare2.jpg?fit=593%2C275&resize=350%2C200","width":350,"height":200},"classes":[]},{"id":22617,"url":"http:\/\/www.construieste.info\/?p=22617","url_meta":{"origin":302,"position":5},"title":"Cum ar trebui sa se comporte o cladire noua la un cutremur","date":"January 5, 2024","format":false,"excerpt":"Am luat ideea acestui articol din ghidul AICPS pentru achizitia unei cladiri, pe care il gasiti aici. Eu ma bucur ca AICPS a scos in sfarsit un ghid. Dar mai mult ma bucur ca explica in sfarsit cum se va comporta o cladire noua in cazul unui seism ca cel\u2026","rel":"","context":"In &quot;Generale&quot;","img":{"alt_text":"view of high rise buildings during day time","src":"https:\/\/i0.wp.com\/www.construieste.info\/wp-content\/uploads\/2024\/01\/pexels-photo-302769.jpeg?fit=1200%2C800&resize=350%2C200","width":350,"height":200},"classes":[]}],"_links":{"self":[{"href":"http:\/\/www.construieste.info\/index.php?rest_route=\/wp\/v2\/posts\/302"}],"collection":[{"href":"http:\/\/www.construieste.info\/index.php?rest_route=\/wp\/v2\/posts"}],"about":[{"href":"http:\/\/www.construieste.info\/index.php?rest_route=\/wp\/v2\/types\/post"}],"author":[{"embeddable":true,"href":"http:\/\/www.construieste.info\/index.php?rest_route=\/wp\/v2\/users\/1"}],"replies":[{"embeddable":true,"href":"http:\/\/www.construieste.info\/index.php?rest_route=%2Fwp%2Fv2%2Fcomments&post=302"}],"version-history":[{"count":34,"href":"http:\/\/www.construieste.info\/index.php?rest_route=\/wp\/v2\/posts\/302\/revisions"}],"predecessor-version":[{"id":2343,"href":"http:\/\/www.construieste.info\/index.php?rest_route=\/wp\/v2\/posts\/302\/revisions\/2343"}],"wp:attachment":[{"href":"http:\/\/www.construieste.info\/index.php?rest_route=%2Fwp%2Fv2%2Fmedia&parent=302"}],"wp:term":[{"taxonomy":"category","embeddable":true,"href":"http:\/\/www.construieste.info\/index.php?rest_route=%2Fwp%2Fv2%2Fcategories&post=302"},{"taxonomy":"post_tag","embeddable":true,"href":"http:\/\/www.construieste.info\/index.php?rest_route=%2Fwp%2Fv2%2Ftags&post=302"}],"curies":[{"name":"wp","href":"https:\/\/api.w.org\/{rel}","templated":true}]}}