{"id":4002,"date":"2017-08-06T09:10:11","date_gmt":"2017-08-06T06:10:11","guid":{"rendered":"http:\/\/www.construieste.info\/?p=4002"},"modified":"2018-01-28T13:28:23","modified_gmt":"2018-01-28T11:28:23","slug":"lumina-naturala","status":"publish","type":"post","link":"http:\/\/www.construieste.info\/?p=4002","title":{"rendered":"Lumina naturala"},"content":{"rendered":"<p>Am v\u0103zut foarte multe cl\u0103diri noi de c\u00e2nd acord\u00a0<a href=\"http:\/\/www.homeadvisor.ro\">asisten\u021b<\/a><a href=\"http:\/\/www.homeadvisor.ro\">\u0103<\/a><a href=\"http:\/\/www.homeadvisor.ro\">\u00a0tehnic\u0103\u00a0<\/a>la achizi\u021bia de imobile \u0219i apartamente.\u00a0Unele dintre ele au structuri de rezistenta unde nu se tine cont de estetica, vad multe fa\u021bade proiectate sa serveasc\u0103 scopul suprem &#8211; balconul \u00eenchis! V\u0103d multe\u00a0apartamente f\u0103r\u0103 lumin\u0103\u00a0natural\u0103 suficient\u0103 la interior.<\/p>\n<p>Lumina naturala a fost asociata prin studii cu: o stare generala de bine, un moral ridicat,\u00a0mai putin oboseala pentru corp si pentru ochi! De asemenea lumina este utilizata de corp ca si nutrient in procesul metabolic.<\/p>\n<h2>Ce spun normele?<\/h2>\n<p>Ferestrele trebuie sa aib\u0103 intre 1\/6 si\u00a01\/8 din suprafa\u021ba \u00eenc\u0103perii! Spre exemplu: un dormitor de 12 mp trebuie sa beneficieze de o fereastra intre 1.5mp si 2mp. Din p\u0103cate, de multe ori, aceste ferestre ori sunt acoperite de balcoane, sau se afla in umbra altor cl\u0103diri etc. Din punctul meu de vedere \u0219i probabil \u0219i din punctul de vedere al unor arhitec\u021bi, suprafa\u021ba din norme este mult prea mica!<\/p>\n<p>Sunt multe criterii dup\u0103 care se proiecteaz\u0103 dimensiunea ferestrelor (aspectul, punctele cardinale, ad\u00e2ncimea unei \u00eenc\u0103peri), important este ca atunci c\u00e2nd cump\u0103ra\u021bi un apartament sa va asigura\u021bi ca primi\u021bi suficienta lumina naturala!<\/p>\n<h2>Ce o s\u0103-\u0219i spun\u0103 unii clien\u021bi?<\/h2>\n<p>Unii dintre clien\u021bii apartamentelor or sa spun\u0103 ca nu conteaz\u0103 ca si asa nu prea stau ziua acas\u0103, etc. Asa este, adul\u021bii nu stau acas\u0103 in timpul s\u0103pt\u0103m\u00e2nii, dar copii stau! In weekend familia sta acas\u0103 macar cateva ore!<\/p>\n<p>Altii or sa spuna ca vara o sa fie prea multa caldura de la soare! Asa e, dar vara tine 3 luni, iarna tine 6 luni, iar iarna lumina e mai putina!<\/p>\n<p><strong>G\u00e2ndi\u021bi-va la asta c\u00e2nd\u00a0cump\u0103ra\u021bi apartamentul in care o sa locui\u021bi 20-30 de ani.<\/strong><\/p>\n<p>Articole interesante:<\/p>\n<p><a href=\"http:\/\/www.nrel.gov\/docs\/fy02osti\/30769.pdf\" target=\"_blank\" rel=\"noopener noreferrer nofollow\">Click to access 30769.pdf<\/a><\/p>\n<p>&nbsp;<\/p>\n","protected":false},"excerpt":{"rendered":"<p>Am v\u0103zut foarte multe cl\u0103diri noi de c\u00e2nd acord\u00a0asisten\u021b\u0103\u00a0tehnic\u0103\u00a0la achizi\u021bia de imobile \u0219i apartamente.\u00a0Unele dintre ele au structuri de rezistenta unde nu se tine cont de estetica, vad multe fa\u021bade proiectate sa serveasc\u0103 scopul suprem &#8211; balconul \u00eenchis! V\u0103d multe\u00a0apartamente f\u0103r\u0103 lumin\u0103\u00a0natural\u0103 suficient\u0103 la interior. Lumina naturala a fost asociata prin studii cu: o stare [&hellip;]<\/p>\n","protected":false},"author":1,"featured_media":3149,"comment_status":"open","ping_status":"open","sticky":false,"template":"","format":"standard","meta":{"jetpack_post_was_ever_published":false,"jetpack_publicize_message":"","jetpack_is_tweetstorm":false,"jetpack_publicize_feature_enabled":true,"jetpack_social_post_already_shared":true,"jetpack_social_options":{"image_generator_settings":{"template":"highway","enabled":false}}},"categories":[3],"tags":[],"jetpack_publicize_connections":[],"jetpack_featured_media_url":"https:\/\/i0.wp.com\/www.construieste.info\/wp-content\/uploads\/2015\/08\/madonna-delle-lacrime-0115.jpg?fit=979%2C734","jetpack_shortlink":"https:\/\/wp.me\/p3ybaN-12y","jetpack_sharing_enabled":true,"jetpack_likes_enabled":true,"jetpack-related-posts":[{"id":22641,"url":"http:\/\/www.construieste.info\/?p=22641","url_meta":{"origin":4002,"position":0},"title":"Despre casele vechi din Brasov","date":"July 13, 2024","format":false,"excerpt":"Asisten\u021b\u0103 Tehnic\u0103 pentru Achizi\u021bia unui Apartament: Ce S\u0103 Verifica\u021bi \u00cenainte de a Cump\u0103ra. Azi despre problemele Comune ale Caselor Vechi din Bra\u0219ov. Bra\u0219ovul, un ora\u0219 cu o istorie bogat\u0103, este cunoscut pentru arhitectura sa pitoreasc\u0103 \u0219i cl\u0103dirile vechi pline de caracter. Cu toate acestea poten\u021bialii cump\u0103r\u0103tori trebuie s\u0103 fie con\u0219tien\u021bi\u2026","rel":"","context":"In &quot;Cum cump\u0103r o casa?&quot;","img":{"alt_text":"","src":"https:\/\/i0.wp.com\/www.construieste.info\/wp-content\/uploads\/2024\/07\/20230928_121319-scaled.jpg?fit=1200%2C675&resize=350%2C200","width":350,"height":200},"classes":[]},{"id":3771,"url":"http:\/\/www.construieste.info\/?p=3771","url_meta":{"origin":4002,"position":1},"title":"Considerente asupra unora dintre blocurile interbelice","date":"September 23, 2016","format":false,"excerpt":"Initial \"Considerente asupra structurii de rezistenta a cl\u0103dirilor de locuit, cu regim redus de \u00een\u0103l\u021bime, construite \u00eenainte de 1963\", a fost un subcapitol din teza mea de doctorat, la care am decis sa renun\u021b si sa-l public aici. Desi pare ca nu exista o regula, constructiile interbelice, au in marea\u2026","rel":"","context":"In &quot;Cutremur&quot;","img":{"alt_text":"","src":"https:\/\/i0.wp.com\/www.construieste.info\/wp-content\/uploads\/2016\/03\/scara_exterioara.jpg?fit=640%2C480&resize=350%2C200","width":350,"height":200},"classes":[]},{"id":3263,"url":"http:\/\/www.construieste.info\/?p=3263","url_meta":{"origin":4002,"position":2},"title":"Despre scarile exterioare de acces","date":"March 19, 2016","format":false,"excerpt":"Scara este unul din elementele esen\u021biale ale oric\u0103rei cl\u0103diri. In acest articol doresc sa atrag aten\u021bia asupra unor detalii\u00a0importante, care de multe ori sunt tratate gre\u0219it, at\u00e2t in proiectare cat \u0219i in execu\u021bie. Sper ca acest articol sa fie util si studen\u021bilor, \u00eentruc\u00e2t din c\u00e2te \u00eemi aduc eu aminte, nu\u2026","rel":"","context":"In &quot;Generale&quot;","img":{"alt_text":"","src":"https:\/\/i0.wp.com\/www.construieste.info\/wp-content\/uploads\/2016\/03\/scara_exterioara.jpg?fit=640%2C480&resize=350%2C200","width":350,"height":200},"classes":[]},{"id":616,"url":"http:\/\/www.construieste.info\/?p=616","url_meta":{"origin":4002,"position":3},"title":"Si p\u00e2n\u0103 la urm\u0103 eu ce apartament \u00eemi cump\u0103r?","date":"November 21, 2016","format":false,"excerpt":"In viata multor dintre noi a fost un moment in care am vrut sa cump\u0103r\u0103m sau sa \u00eenchiriem un apartament. Ca sa-l parafrazez pe Ion Creanga, nu \u0219tiu al\u021bii cum s-au descurcat dar eu vad o degradare din \u00een ce in ce mai mare a calit\u0103\u021bii blocurilor vechi, defectul meseriei.\u2026","rel":"","context":"In &quot;Cum cump\u0103r o casa?&quot;","img":{"alt_text":"","src":"https:\/\/i0.wp.com\/www.construieste.info\/wp-content\/uploads\/2013\/11\/bl_nou2.jpg?fit=490%2C367&resize=350%2C200","width":350,"height":200},"classes":[]},{"id":693,"url":"http:\/\/www.construieste.info\/?p=693","url_meta":{"origin":4002,"position":4},"title":"Igrasie","date":"January 14, 2014","format":false,"excerpt":"Multe cl\u0103diri se degradeaz\u0103 de la apa. Desi cutremurele sunt cele mai de temut actiuni devastatoare, acestea apar rar, in jur de 30-50 de ani, iar pana atunci multe cladiri ajung la colaps datorita lipsei unor m\u0103suri elementare de \u00eentre\u021binere. M\u0103surile elementare de protec\u021bie contra igrasiei Trotuare \u00een jurul casei,\u2026","rel":"","context":"In &quot;Fundatii&quot;","img":{"alt_text":"","src":"https:\/\/i0.wp.com\/www.construieste.info\/wp-content\/uploads\/2015\/02\/trotuar3.jpg?fit=734%2C979&resize=350%2C200","width":350,"height":200},"classes":[]},{"id":6293,"url":"http:\/\/www.construieste.info\/?p=6293","url_meta":{"origin":4002,"position":5},"title":"Izolarea fonica","date":"July 8, 2018","format":false,"excerpt":"Izolarea fonica este un domeniu vast ce implica notiuni de fizica, motiv pentru care in acest articol o sa sumarizez elementele generale ce ar trebui cunoscute de arhitecti, deoarece ei decid majoritatea elementelor de anvelopa in cadrul unei cladiri. Prin anvelopa inteleg: anvelopa exterioara ce separa interiorul de mediul exterior\u2026","rel":"","context":"In &quot;Generale&quot;","img":{"alt_text":"","src":"https:\/\/i0.wp.com\/www.construieste.info\/wp-content\/uploads\/2018\/07\/izolatie-fonica.jpg?fit=820%2C615&resize=350%2C200","width":350,"height":200},"classes":[]}],"_links":{"self":[{"href":"http:\/\/www.construieste.info\/index.php?rest_route=\/wp\/v2\/posts\/4002"}],"collection":[{"href":"http:\/\/www.construieste.info\/index.php?rest_route=\/wp\/v2\/posts"}],"about":[{"href":"http:\/\/www.construieste.info\/index.php?rest_route=\/wp\/v2\/types\/post"}],"author":[{"embeddable":true,"href":"http:\/\/www.construieste.info\/index.php?rest_route=\/wp\/v2\/users\/1"}],"replies":[{"embeddable":true,"href":"http:\/\/www.construieste.info\/index.php?rest_route=%2Fwp%2Fv2%2Fcomments&post=4002"}],"version-history":[{"count":5,"href":"http:\/\/www.construieste.info\/index.php?rest_route=\/wp\/v2\/posts\/4002\/revisions"}],"predecessor-version":[{"id":4177,"href":"http:\/\/www.construieste.info\/index.php?rest_route=\/wp\/v2\/posts\/4002\/revisions\/4177"}],"wp:featuredmedia":[{"embeddable":true,"href":"http:\/\/www.construieste.info\/index.php?rest_route=\/wp\/v2\/media\/3149"}],"wp:attachment":[{"href":"http:\/\/www.construieste.info\/index.php?rest_route=%2Fwp%2Fv2%2Fmedia&parent=4002"}],"wp:term":[{"taxonomy":"category","embeddable":true,"href":"http:\/\/www.construieste.info\/index.php?rest_route=%2Fwp%2Fv2%2Fcategories&post=4002"},{"taxonomy":"post_tag","embeddable":true,"href":"http:\/\/www.construieste.info\/index.php?rest_route=%2Fwp%2Fv2%2Ftags&post=4002"}],"curies":[{"name":"wp","href":"https:\/\/api.w.org\/{rel}","templated":true}]}}